{"id":14062,"date":"2015-03-24T10:53:35","date_gmt":"2015-03-24T16:53:35","guid":{"rendered":"https:\/\/radiowebmx.com\/nota\/?p=14062"},"modified":"2015-03-24T10:53:35","modified_gmt":"2015-03-24T16:53:35","slug":"pro-mexico-herramienta-para-aumentar-exportaciones-de-morelia-salvador-abud","status":"publish","type":"post","link":"https:\/\/radiowebmx.com\/nota\/pro-mexico-herramienta-para-aumentar-exportaciones-de-morelia-salvador-abud\/","title":{"rendered":"Pro M\u00e9xico, herramienta para aumentar exportaciones de Morelia: Salvador Abud"},"content":{"rendered":"<p>Con la expectativa\u00a0de que el trabajo de Pro M\u00e9xico Global abra la posibilidad de acrecentar las exportaciones del sector agroalimentario de Morelia, el presidente municipal, Salvador Abud Mirabent, dio la bienvenida a los participantes del\u00a0Ciclo de conferencias magistrales y rueda de negocios, a esta ciudad patrimonio cultural de la humanidad.<\/p>\n<p>&nbsp;<\/p>\n<p>El alcalde reconoci\u00f3 en\u00a0la capital michoacana a una potencia productora del sector agroalimentario, que busca integrarse a una cadena de valor efectiva y competitiva para incrementar las exportaciones de la capital michoacana a otros mercados. Adem\u00e1s, calific\u00f3 este evento como una oportunidad\u00a0para facilitar la industrializaci\u00f3n, dinamismo y modernizaci\u00f3n para Morelia, as\u00ed como la prosperidad y sustentabilidad de los michoacanos.<b><\/b><\/p>\n<p><b>\u00a0<\/b><\/p>\n<p>\u201cEste seminario es una magnifica\u00a0 ventana para mostrar nuestras fortalezas como socios comerciales, es una extraordinaria oportunidad para aumentar las capacidades competitivas de los productores michoacanos a partir de la experiencia, el profesionalismo y los conocimientos de los conferencistas Pro M\u00e9xico\u201d.<\/p>\n<p>&nbsp;<\/p>\n<p>Asimismo, esperando que esta jornada resulte muy provechosa, el Presidente Municipal expres\u00f3 su reconocimiento a ProM\u00e9xico y su agradecimiento por la disposici\u00f3n de desarrollar este encuentro con los michoacanos, as\u00ed como el acompa\u00f1amiento y el impulso que ha dado para que Michoac\u00e1n repunte una participaci\u00f3n activa en el panorama de inversi\u00f3n internacional.<\/p>\n<p>&nbsp;<\/p>\n<p>En este sentido, Abud Mirabent reconoci\u00f3 que se trata de un evento importante, de un gran esfuerzo que realiza ProM\u00e9xico, por lo cual deposit\u00f3 su confianza en los resultados que se obtengan de esta jornada que tiene el prop\u00f3sito de fortalecer una cadena efectiva y competitiva, as\u00ed como mostrar las fortalezas, para aumentar la competitividad en materia de producci\u00f3n, comercializaci\u00f3n y exportaci\u00f3n.<\/p>\n<p>&nbsp;<\/p>\n<p>Al dar la declaratoria inaugural, el gobernador de Michoac\u00e1n, Salvador Jara Guerrero, agradeci\u00f3 al presidente municipal, Salvador Abud Mirabent, por su participaci\u00f3n y disposici\u00f3n en la realizaci\u00f3n de este evento, considerado uno de los m\u00e1s importantes en el sector a nivel nacional, que contempla estrategias de comercio exterior del estado de Michoac\u00e1n, participaci\u00f3n de compradores internacionales, seminarios de oportunidades de Latinoam\u00e9rica, mesa de asesor\u00edas de especializaci\u00f3n, entre otros apoyos para empresarios.<\/p>\n<p>&nbsp;<\/p>\n<p>Las empresas participantes, de las cuales 80% son michoacanas, podr\u00e1n entrevistarse con los compradores internacionales, y de esta manera aumentar la cultura exportadora de las empresas nacionales.<\/p>\n<p>&nbsp;<\/p>\n<p>A la inauguraci\u00f3n del evento se dieron cita tambi\u00e9n Ricardo Aguilar Castillo, subsecretario de Alimentaci\u00f3n y Competitividad; Elena Achar Samra, jefa de la Unidad de Promoci\u00f3n de Exportaciones de ProM\u00e9xico; Jaime Rodr\u00edguez L\u00f3pez, secretario de Desarrollo Rural; Rafael Gamboa Gonz\u00e1lez, director general de Fideicomisos Instituidos en relaci\u00f3n con la Agricultura; Pedro Luis Ben\u00edtez V\u00e9lez, delegado de la Secretar\u00eda de Agricultura, Ganader\u00eda, Desarrollo Rural, Pesca y Alimentaci\u00f3n (Sagarpa); Diana Gabriela Hern\u00e1ndez Lomel\u00ed, delegada federal de la Secretar\u00eda de Econom\u00eda; Mario Alejandro Andrade C\u00e1rdenas, presidente de la Asociaci\u00f3n Nacional de Exportadores de Berries; Juan Brambila Aguilar, subsecretario de Fomento Productivo de la Secretar\u00eda de Desarrollo Rural y Hugo Ch\u00e1vez Chagoy\u00e1n, subsecretario de Promoci\u00f3n y Atracci\u00f3n de Inversiones de la Sedeco.<\/p>\n","protected":false},"excerpt":{"rendered":"<p>Con la expectativa de que el trabajo de Pro M\u00e9xico Global abra la posibilidad de acrecentar las exportaciones del sector agroalimentario de Morelia, el presidente municipal, Salvador Abud Mirabent, dio la bienvenida a los participantes del Ciclo de conferencias magistrales y rueda de negocios, <\/p>\n","protected":false},"author":1,"featured_media":14063,"comment_status":"open","ping_status":"open","sticky":false,"template":"","format":"standard","meta":{"footnotes":""},"categories":[14,9],"tags":[],"class_list":["post-14062","post","type-post","status-publish","format-standard","has-post-thumbnail","hentry","category-destacadas","category-morelia"],"_links":{"self":[{"href":"https:\/\/radiowebmx.com\/nota\/wp-json\/wp\/v2\/posts\/14062","targetHints":{"allow":["GET"]}}],"collection":[{"href":"https:\/\/radiowebmx.com\/nota\/wp-json\/wp\/v2\/posts"}],"about":[{"href":"https:\/\/radiowebmx.com\/nota\/wp-json\/wp\/v2\/types\/post"}],"author":[{"embeddable":true,"href":"https:\/\/radiowebmx.com\/nota\/wp-json\/wp\/v2\/users\/1"}],"replies":[{"embeddable":true,"href":"https:\/\/radiowebmx.com\/nota\/wp-json\/wp\/v2\/comments?post=14062"}],"version-history":[{"count":2,"href":"https:\/\/radiowebmx.com\/nota\/wp-json\/wp\/v2\/posts\/14062\/revisions"}],"predecessor-version":[{"id":14065,"href":"https:\/\/radiowebmx.com\/nota\/wp-json\/wp\/v2\/posts\/14062\/revisions\/14065"}],"wp:featuredmedia":[{"embeddable":true,"href":"https:\/\/radiowebmx.com\/nota\/wp-json\/wp\/v2\/media\/14063"}],"wp:attachment":[{"href":"https:\/\/radiowebmx.com\/nota\/wp-json\/wp\/v2\/media?parent=14062"}],"wp:term":[{"taxonomy":"category","embeddable":true,"href":"https:\/\/radiowebmx.com\/nota\/wp-json\/wp\/v2\/categories?post=14062"},{"taxonomy":"post_tag","embeddable":true,"href":"https:\/\/radiowebmx.com\/nota\/wp-json\/wp\/v2\/tags?post=14062"}],"curies":[{"name":"wp","href":"https:\/\/api.w.org\/{rel}","templated":true}]}}