{"id":14054,"date":"2015-03-24T10:40:46","date_gmt":"2015-03-24T16:40:46","guid":{"rendered":"https:\/\/radiowebmx.com\/nota\/?p=14054"},"modified":"2015-03-24T10:40:46","modified_gmt":"2015-03-24T16:40:46","slug":"llevare-a-cabo-una-campana-de-altura-chon-orihuela","status":"publish","type":"post","link":"https:\/\/radiowebmx.com\/nota\/llevare-a-cabo-una-campana-de-altura-chon-orihuela\/","title":{"rendered":"LLEVAR\u00c9 A CABO UNA CAMPA\u00d1A DE ALTURA: CHON ORIHUELA"},"content":{"rendered":"<p>Jos\u00e9 Ascenci\u00f3n Orihuela B\u00e1rcenas ratific\u00f3 su compromiso de que ser\u00e1 un candidato que honre la legislaci\u00f3n; comprometido con la legalidad y con la sociedad para garantizar el llevar a cabo una campa\u00f1a de altura, propuestas y regida por la verdad para engrandecer la pol\u00edtica en Michoac\u00e1n.<\/p>\n<p>&nbsp;<\/p>\n<p>Al acudir a su registro ante el Instituto Electoral de Michoac\u00e1n como candidato del Partido Verde por el gobierno del estado de Michoac\u00e1n, ratific\u00f3 su compromiso firme para llegar unidos llegar unidos y con las mejores propuestas, para encabezar las transformaciones que Michoac\u00e1n necesita.<\/p>\n<p>&nbsp;<\/p>\n<p>Flanqueado por los senadores Emilio Gamboa Patr\u00f3n, Miguel Romo Medina, Roc\u00edo Pineda Gochi, Ricardo Urz\u00faa, Carlos Alberto Puente Salas, Jes\u00fas Casillas Romero y Agust\u00edn Trujillo \u00cd\u00f1iguez, as\u00ed como por el presidente del Partido Verde en el estado, Jonathan Sanata, present\u00f3 la Plataforma Electoral de Michoac\u00e1n de Ocampo, Partido Verde Ecologista de M\u00e9xico, 2015-2021, que comprende los siguientes ejes estrat\u00e9gicos:<\/p>\n<p>&nbsp;<\/p>\n<p>Principios de pol\u00edtica ambiental; salud; educaci\u00f3n; seguridad; j\u00f3venes; pol\u00edtica; pol\u00edtica social; econom\u00eda; y pol\u00edtica exterior. Esta Plataforma, indic\u00f3 Chon Orihuela, incluye propuestas de iniciativas y reformas, que tienen como objetivo el desarrollo sustentable de Michoac\u00e1n y el mejoramiento de la calidad de vida de los michoacanos.<\/p>\n<p>&nbsp;<\/p>\n<p>Ante los consejeros electorales del IEM Chon Orihuela agreg\u00f3 que la Plataforma incluye una serie de pol\u00edticas p\u00fablicas encaminadas a la gobernabilidad, a la democracia y participaci\u00f3n social en la toma de decisiones; la seguridad; el crecimiento econ\u00f3mico sustentable y la salud de todos los michoacanos; y la protecci\u00f3n del medio ambiente.<\/p>\n<p>&nbsp;<\/p>\n<p>\u201cReafirmo mi compromiso de trabajo con el Partido Verde Ecologista de M\u00e9xico, con el objetivo de construir un proyecto plural e incluyente que permita a Michoac\u00e1n alcanzar su plena prosperidad\u201d.<\/p>\n","protected":false},"excerpt":{"rendered":"<p>Jos\u00e9 Ascenci\u00f3n Orihuela B\u00e1rcenas ratific\u00f3 su compromiso de que ser\u00e1 un candidato que honre la legislaci\u00f3n; comprometido con la legalidad y con la sociedad para garantizar el llevar a cabo una campa\u00f1a de altura, propuestas y regida por la verdad para engrandecer la pol\u00edtica en Michoac\u00e1n.<\/p>\n","protected":false},"author":1,"featured_media":14055,"comment_status":"open","ping_status":"open","sticky":false,"template":"","format":"standard","meta":{"footnotes":""},"categories":[14,11],"tags":[],"class_list":["post-14054","post","type-post","status-publish","format-standard","has-post-thumbnail","hentry","category-destacadas","category-partidos-politicos"],"_links":{"self":[{"href":"https:\/\/radiowebmx.com\/nota\/wp-json\/wp\/v2\/posts\/14054","targetHints":{"allow":["GET"]}}],"collection":[{"href":"https:\/\/radiowebmx.com\/nota\/wp-json\/wp\/v2\/posts"}],"about":[{"href":"https:\/\/radiowebmx.com\/nota\/wp-json\/wp\/v2\/types\/post"}],"author":[{"embeddable":true,"href":"https:\/\/radiowebmx.com\/nota\/wp-json\/wp\/v2\/users\/1"}],"replies":[{"embeddable":true,"href":"https:\/\/radiowebmx.com\/nota\/wp-json\/wp\/v2\/comments?post=14054"}],"version-history":[{"count":2,"href":"https:\/\/radiowebmx.com\/nota\/wp-json\/wp\/v2\/posts\/14054\/revisions"}],"predecessor-version":[{"id":14057,"href":"https:\/\/radiowebmx.com\/nota\/wp-json\/wp\/v2\/posts\/14054\/revisions\/14057"}],"wp:featuredmedia":[{"embeddable":true,"href":"https:\/\/radiowebmx.com\/nota\/wp-json\/wp\/v2\/media\/14055"}],"wp:attachment":[{"href":"https:\/\/radiowebmx.com\/nota\/wp-json\/wp\/v2\/media?parent=14054"}],"wp:term":[{"taxonomy":"category","embeddable":true,"href":"https:\/\/radiowebmx.com\/nota\/wp-json\/wp\/v2\/categories?post=14054"},{"taxonomy":"post_tag","embeddable":true,"href":"https:\/\/radiowebmx.com\/nota\/wp-json\/wp\/v2\/tags?post=14054"}],"curies":[{"name":"wp","href":"https:\/\/api.w.org\/{rel}","templated":true}]}}