{"id":14046,"date":"2015-03-21T12:03:36","date_gmt":"2015-03-21T18:03:36","guid":{"rendered":"https:\/\/radiowebmx.com\/nota\/?p=14046"},"modified":"2015-03-23T12:04:43","modified_gmt":"2015-03-23T18:04:43","slug":"recibe-iem-solicitud-de-registro-de-silvano-aureoles-conejo-como-candidato-a-la-gubernatura-por-el-prd","status":"publish","type":"post","link":"https:\/\/radiowebmx.com\/nota\/recibe-iem-solicitud-de-registro-de-silvano-aureoles-conejo-como-candidato-a-la-gubernatura-por-el-prd\/","title":{"rendered":"Recibe IEM solicitud de registro de Silvano Aureoles Conejo como candidato a la Gubernatura por el PRD"},"content":{"rendered":"<p>Conforme lo marcan los art\u00edculos 189 y 190 del C\u00f3digo Electoral estatal, el Instituto Electoral de Michoac\u00e1n (IEM) recibi\u00f3 la solicitud de registro de Silvano Aureoles Conejo como candidato al Gobierno de la entidad.<\/p>\n<p>Al momento de recibir la solicitud, el Consejero Presidente Ram\u00f3n Hern\u00e1ndez Reyes se\u00f1al\u00f3 que el Instituto har\u00e1 un an\u00e1lisis minucioso de los documentos presentados a fin de desahogar, mediante Consejo General, el registro del aspirante.<\/p>\n<p>Los Consejeros Yurisha Andrade Morales, Elvia Higuera P\u00e9rez, Martha L\u00f3pez Gonz\u00e1lez, Jos\u00e9 Rom\u00e1n Ram\u00edrez Vargas, Jaime Rivera Vel\u00e1zquez y Humberto Urquiza Mart\u00ednez recordaron que el IEM tiene como plazo hasta el 4 de abril para definir si los aspirantes que presenten su solicitud de registro cumplen con los requisitos que marca el C\u00f3digo Electoral.<\/p>\n<p>De acuerdo con el Calendario Electoral aprobado por el Consejo General del IEM, el plazo para el registro de candidatos a Gobernador del Estado inicia el 11 de marzo y concluye el 25 del mismo mes, seg\u00fan las fracciones I y III del art\u00edculo 190 del C\u00f3digo Electoral local.<\/p>\n<p>De igual manera, la legislaci\u00f3n electoral local se\u00f1ala, en el art\u00edculo 189, que en la solicitud del registro se deben acreditar el partido pol\u00edtico por el que se contender\u00e1, la personalidad del aspirante, la vigencia de sus derechos pol\u00edtico-electorales, la plataforma electoral que sostendr\u00e1 a lo largo de las campa\u00f1as pol\u00edticas y los requisitos de elegibilidad del candidato.<\/p>\n<p>Adem\u00e1s, se debe comprobar el cumplimiento del proceso de selecci\u00f3n de candidatos que se\u00f1ala este C\u00f3digo a los partidos pol\u00edticos y la aceptaci\u00f3n de la candidatura.<\/p>\n<p>Durante la entrega de la documentaci\u00f3n necesaria, Adrian L\u00f3pez Sol\u00eds, representante del PRD ante el IEM; el aspirante, Silvano Aureoles Conejo; el l\u00edder nacional del PRD, Carlos Navarrete, y el l\u00edder estatal, Carlos Torres Pi\u00f1a, expresaron su total confianza en el actuar del \u00f3rgano electoral y reconocieron el trabajo objetivo e imparcial que ha realizado el IEM en la organizaci\u00f3n de la elecci\u00f3n del 7 de junio.<\/p>\n","protected":false},"excerpt":{"rendered":"<p>Conforme lo marcan los art\u00edculos 189 y 190 del C\u00f3digo Electoral estatal, el Instituto Electoral de Michoac\u00e1n (IEM) recibi\u00f3 la solicitud de registro de Silvano Aureoles Conejo como candidato al Gobierno de la entidad.<\/p>\n","protected":false},"author":1,"featured_media":14047,"comment_status":"open","ping_status":"open","sticky":false,"template":"","format":"standard","meta":{"footnotes":""},"categories":[14,11],"tags":[],"class_list":["post-14046","post","type-post","status-publish","format-standard","has-post-thumbnail","hentry","category-destacadas","category-partidos-politicos"],"_links":{"self":[{"href":"https:\/\/radiowebmx.com\/nota\/wp-json\/wp\/v2\/posts\/14046","targetHints":{"allow":["GET"]}}],"collection":[{"href":"https:\/\/radiowebmx.com\/nota\/wp-json\/wp\/v2\/posts"}],"about":[{"href":"https:\/\/radiowebmx.com\/nota\/wp-json\/wp\/v2\/types\/post"}],"author":[{"embeddable":true,"href":"https:\/\/radiowebmx.com\/nota\/wp-json\/wp\/v2\/users\/1"}],"replies":[{"embeddable":true,"href":"https:\/\/radiowebmx.com\/nota\/wp-json\/wp\/v2\/comments?post=14046"}],"version-history":[{"count":3,"href":"https:\/\/radiowebmx.com\/nota\/wp-json\/wp\/v2\/posts\/14046\/revisions"}],"predecessor-version":[{"id":14049,"href":"https:\/\/radiowebmx.com\/nota\/wp-json\/wp\/v2\/posts\/14046\/revisions\/14049"}],"wp:featuredmedia":[{"embeddable":true,"href":"https:\/\/radiowebmx.com\/nota\/wp-json\/wp\/v2\/media\/14047"}],"wp:attachment":[{"href":"https:\/\/radiowebmx.com\/nota\/wp-json\/wp\/v2\/media?parent=14046"}],"wp:term":[{"taxonomy":"category","embeddable":true,"href":"https:\/\/radiowebmx.com\/nota\/wp-json\/wp\/v2\/categories?post=14046"},{"taxonomy":"post_tag","embeddable":true,"href":"https:\/\/radiowebmx.com\/nota\/wp-json\/wp\/v2\/tags?post=14046"}],"curies":[{"name":"wp","href":"https:\/\/api.w.org\/{rel}","templated":true}]}}