{"id":14016,"date":"2015-03-23T10:53:29","date_gmt":"2015-03-23T16:53:29","guid":{"rendered":"https:\/\/radiowebmx.com\/nota\/?p=14016"},"modified":"2015-03-23T10:53:29","modified_gmt":"2015-03-23T16:53:29","slug":"con-cocoa-lograremos-una-nueva-mirada-de-esperanza-para-michoacan-laura-gonzalez","status":"publish","type":"post","link":"https:\/\/radiowebmx.com\/nota\/con-cocoa-lograremos-una-nueva-mirada-de-esperanza-para-michoacan-laura-gonzalez\/","title":{"rendered":"Con Cocoa lograremos una  nueva mirada de esperanza para Michoac\u00e1n: Laura Gonz\u00e1lez"},"content":{"rendered":"<p>\u201cFuiste la voz de los olvidados, de los miles de michoacanos\u00a0que no pod\u00edan revelarse al crimen y a la injusticia que se suscitaba en el Estado\u201d, se\u00f1al\u00f3 en uso de la palabra, la Coordinadora del Grupo Parlamentario del Partido Acci\u00f3n Nacional en el Congreso del Estado, Laura Gonz\u00e1lez Mart\u00ednez.<\/p>\n<p>Ante cientos de asistentes que se dieron cita este domingo en las instalaciones del Instituto Electoral de Michoac\u00e1n (IEM), en el marco del registro de Luisa Mar\u00eda Calder\u00f3n Hinojosa como Candidata del Partido Acci\u00f3n Nacional al Gobierno del Estado, entre los que se encontraban personalidades como el ex presidente de la Rep\u00fablica Felipe Calder\u00f3n Hinojosa, Diego Fern\u00e1ndez de Cevallos, los Senadores Ernesto Cordero Arroyo, Mariana G\u00f3mez del Campo y Salvador Vega Casillas y el ex Gobernador de Guanajuato, Juan Manuel Oliva Ram\u00edrez, al hacer uso de la palabra, Gonz\u00e1lez Mart\u00ednez resalt\u00f3 las cualidades de Calder\u00f3n Hinojosa, se\u00f1alando que fue la \u00fanica valiente y honesta al haber defendido a los michoacanos cuando nadie m\u00e1s lo efectu\u00f3.<\/p>\n<p>\u201cHoy coincidimos en este espacio por nuestro Estado, nuestra mirada es una sola que lograr\u00e1 brindar esperanza y grandeza a nuestra tierra\u201d, subray\u00f3 la diputada local, reiterando que la candidatura de Luisa Mar\u00eda Calder\u00f3n representar\u00e1 la valent\u00eda y el valor de los ciudadanos empe\u00f1ados en salir adelante, luchando cada d\u00eda por generar un Estado de paz y desarrollo, donde hombres y mujeres podr\u00e1n recobrar las ganas de continuar en Michoac\u00e1n.<\/p>\n<p>Asimismo, la diputada del PAN se\u00f1al\u00f3 que Luisa Mar\u00eda Calder\u00f3n, Cocoa, ha sido una legisladora invaluable que ha apoyado las causas buenas que han buscado transformar al Estado, pero sobre todo dijo, \u201chas cumplido con tu amor por Michoac\u00e1n con la\u00a0verdad\u201d.<\/p>\n<p>En el mismo contexto, aludi\u00f3 a que la vedad legal en Michoac\u00e1n no se dio en el pasado, \u201cfue la verdad p\u00fablica la que leg\u00edtimo el prop\u00f3sito de un nuevo destino a Michoac\u00e1n, con una mujer \u00edntegra, honrada y congruente, porque has cumplido con todos los requisitos y ahora sin duda ser\u00e1s candidata a\u00a0gobernadora a nombre de los miles de\u00a0ciudadanos con los que tambi\u00e9n ya has cumplido\u201d, refiri\u00f3 a la abanderada panista.<\/p>\n<p>Finalmente, dese\u00f3 mucho \u00e9xito a la abanderada del blanquiazul, donde reiter\u00f3 su apoyo y acompa\u00f1amiento de los miles de hombres y mujeres que segura est\u00e1 \u2013dijo-, \u201catenderemos todos juntos la llamada para lograr una \u00a0nueva mirada de esperanza para Michoac\u00e1n\u201d, concluy\u00f3.<\/p>\n","protected":false},"excerpt":{"rendered":"<p>\u201cFuiste la voz de los olvidados, de los miles de michoacanos que no pod\u00edan revelarse al crimen y a la injusticia que se suscitaba en el Estado\u201d, se\u00f1al\u00f3 en uso de la palabra, la Coordinadora del Grupo Parlamentario del Partido Acci\u00f3n Nacional en el Congreso del Estado, Laura Gonz\u00e1lez Mart\u00ednez.<\/p>\n","protected":false},"author":1,"featured_media":14017,"comment_status":"open","ping_status":"open","sticky":false,"template":"","format":"standard","meta":{"footnotes":""},"categories":[14,13,11],"tags":[],"class_list":["post-14016","post","type-post","status-publish","format-standard","has-post-thumbnail","hentry","category-destacadas","category-pan","category-partidos-politicos"],"_links":{"self":[{"href":"https:\/\/radiowebmx.com\/nota\/wp-json\/wp\/v2\/posts\/14016","targetHints":{"allow":["GET"]}}],"collection":[{"href":"https:\/\/radiowebmx.com\/nota\/wp-json\/wp\/v2\/posts"}],"about":[{"href":"https:\/\/radiowebmx.com\/nota\/wp-json\/wp\/v2\/types\/post"}],"author":[{"embeddable":true,"href":"https:\/\/radiowebmx.com\/nota\/wp-json\/wp\/v2\/users\/1"}],"replies":[{"embeddable":true,"href":"https:\/\/radiowebmx.com\/nota\/wp-json\/wp\/v2\/comments?post=14016"}],"version-history":[{"count":1,"href":"https:\/\/radiowebmx.com\/nota\/wp-json\/wp\/v2\/posts\/14016\/revisions"}],"predecessor-version":[{"id":14018,"href":"https:\/\/radiowebmx.com\/nota\/wp-json\/wp\/v2\/posts\/14016\/revisions\/14018"}],"wp:featuredmedia":[{"embeddable":true,"href":"https:\/\/radiowebmx.com\/nota\/wp-json\/wp\/v2\/media\/14017"}],"wp:attachment":[{"href":"https:\/\/radiowebmx.com\/nota\/wp-json\/wp\/v2\/media?parent=14016"}],"wp:term":[{"taxonomy":"category","embeddable":true,"href":"https:\/\/radiowebmx.com\/nota\/wp-json\/wp\/v2\/categories?post=14016"},{"taxonomy":"post_tag","embeddable":true,"href":"https:\/\/radiowebmx.com\/nota\/wp-json\/wp\/v2\/tags?post=14016"}],"curies":[{"name":"wp","href":"https:\/\/api.w.org\/{rel}","templated":true}]}}