{"id":14013,"date":"2015-03-23T10:51:24","date_gmt":"2015-03-23T16:51:24","guid":{"rendered":"https:\/\/radiowebmx.com\/nota\/?p=14013"},"modified":"2015-03-23T10:51:24","modified_gmt":"2015-03-23T16:51:24","slug":"cocoa-la-unica-opcion-para-reconstruir-a-michoacan-felipe-calderon","status":"publish","type":"post","link":"https:\/\/radiowebmx.com\/nota\/cocoa-la-unica-opcion-para-reconstruir-a-michoacan-felipe-calderon\/","title":{"rendered":"\u201cCocoa\u201d, la \u00fanica opci\u00f3n para reconstruir a Michoac\u00e1n: Felipe Calder\u00f3n"},"content":{"rendered":"<p>Porque debemos reconstruir a Michoac\u00e1n, tal como dice el Partido Acci\u00f3n Nacional (PAN), y para ello se requiere que sea el Gobierno del Estado quien encabece este esfuerzo, la clave para lograrlo es nuestra candidata Luisa Mar\u00eda Calder\u00f3n Hinojosa, como el ofrecimiento democr\u00e1tico y la \u00fanica alternativa para poder transformar la realidad de Michoac\u00e1n desde todos los frentes, y alcanzar por fin el futuro que anhelamos y merecemos para la entidad, proclam\u00f3 el ex presidente de M\u00e9xico Felipe Calder\u00f3n Hinojosa.<\/p>\n<p>&nbsp;<\/p>\n<p>En el marco del registro ante el Instituto Electoral de Michoac\u00e1n (IEM) de la candidatura de \u201cCocoa\u201d Calder\u00f3n a la gubernatura de Michoac\u00e1n, el ex mandatario del pa\u00eds detall\u00f3 que es ella la mejor opci\u00f3n para dirigir la entidad por contundentes atributos como su gran calidad de honestidad, que ni siquiera sus contrincantes pueden cuestionar, en un estado tan adolorido y agraviado por la corrupci\u00f3n; porque es valiente y no le tiembla la mano para defender a las familias indefensas ante la violencia y denunciar a los criminales por su nombre; porque es perseverante y es una mujer que lucha; porque es independiente, y no depende de criterios o intereses ajenos al bienestar de los michoacanos; porque tiene la mejor preparaci\u00f3n acad\u00e9mica; \u201cy finalmente, porque ama profundamente a Michoac\u00e1n, conoce perfectamente el estado y su problem\u00e1tica y est\u00e1 dispuesta a transformarlo\u201d.<\/p>\n<p>&nbsp;<\/p>\n<p>Por su parte, el presidente estatal del PAN, Miguel \u00c1ngel Ch\u00e1vez Zavala, tras reconocer la presencia permanente, constante, firme y decidida de Marko Cort\u00e9s Mendoza y Salvador Vega Casillas \u201cque dan una muestra clara de que van a acompa\u00f1ar a \u2018Cocoa\u2019 de punta a punta hasta ganar la pr\u00f3xima elecci\u00f3n\u201d, puntualiz\u00f3 que est\u00e1n listos para afrontar 77 d\u00edas m\u00e1s de esfuerzo y trabajo conjunto con la sociedad michoacana para seguir llevando un mensaje de esperanza y demostrar de qu\u00e9 est\u00e1 hecho Acci\u00f3n Nacional.<\/p>\n<p>&nbsp;<\/p>\n<p>\u201cEstoy convencido de que vamos en el camino correcto por lo que no tengo ninguna duda de que regresaremos al IEM este 14 de junio para acompa\u00f1ar a Luisa Mar\u00eda Calder\u00f3n Hinojosa a recibir su constancia de mayor\u00eda como la nueva gobernadora de Michoac\u00e1n, luego del que estoy seguro ser\u00e1 un destacado trabajo del PAN por cuidar el proceso electoral como una fuerza pol\u00edtica responsable que respeta la ley, todo ello para poder lograr que la voluntad popular se puede expresar de manera libre y la sociedad decida el nuevo rumbo de nuestro querido estado para los pr\u00f3ximos 6 a\u00f1os\u201d, manifest\u00f3.<\/p>\n<p>&nbsp;<\/p>\n<p>En su turno, la ahora oficialmente candidata a la gubernatura de Michoac\u00e1n, Luisa Mar\u00eda Calder\u00f3n Hinojosa, se\u00f1al\u00f3 que este d\u00eda vino a presentar adem\u00e1s de su candidatura, la propuesta pol\u00edtica y Plataforma Electoral 2015-2021 construida de la mano del Partido Acci\u00f3n Nacional, la cual no s\u00f3lo est\u00e1 sustentada en los principios del blanquiazul y el consenso de los panistas, sino que est\u00e1 enriquecida por cientos de voces michoacanas que externaron\u00a0 c\u00f3mo quer\u00edan reconstruir el estado.<\/p>\n<p>&nbsp;<\/p>\n<p>Asimismo, asever\u00f3 que en este acto frente al \u00f3rgano electoral michoacano fue realizado con la m\u00e1s alta responsabilidad y seriedad, \u201cporque nosotros en el PAN queremos recuperar el respeto por las instituciones\u201d, y ahora estar\u00e1n a la espera de que el mismo IEM d\u00e9 a conocer la propuesta panista a los michoacanos \u201cconfiando en que la contienda que empieza el 5 de abril sea una contienda de propuestas y contrastes, que le permita a los ciudadanos informarse y hacerse de un juicio\u201d.<\/p>\n<p>&nbsp;<\/p>\n<p>Es as\u00ed que la abanderada blanquiazul asegur\u00f3 que en esta recta electoral \u201ctenemos el morral lleno de esperanzas de miles de michoacanos, as\u00ed como de sus propuestas, su fuerza y valent\u00eda con la que han enfrentado la adversidad y han salido cada d\u00eda a defender su vida y la de sus hijos\u2026 por eso hoy entregamos nuestra propuesta y tambi\u00e9n nuestro coraz\u00f3n\u201d en honor a todos ellos.<\/p>\n<p>&nbsp;<\/p>\n<p>Por su parte, la coordinadora parlamentaria del PAN en el Congreso del Estado, Laura Gonz\u00e1lez Mart\u00ednez, comprometi\u00f3 que la fuerza panista atender\u00e1 la llamada de la ciudadan\u00eda para lograr una nueva vida de esperanza para Michoac\u00e1n, a trav\u00e9s de una candidatura valiente, la de \u201cCocoa\u201d Calder\u00f3n que representa el valor de los michoacanos empe\u00f1ados en salir.<\/p>\n<p>&nbsp;<\/p>\n<p>Arropando su registro, \u201cCocoa\u201d fue acompa\u00f1ada por liderazgos del panismo estatal y nacional como Diego Fern\u00e1ndez de Ceballos, Ernesto Cordero Arroyo, el coordinador parlamentario en el Senado Fernando Herrera \u00c1vila, Salvador Vega Casillas, Marko Cort\u00e9s Mendoza, Juan Manuel Oliva, Berenice \u00c1lvarez Tovar, Jos\u00e9 Gonz\u00e1lez Morf\u00edn, Ignacio Alvarado Laris, Everardo Padilla, los senadores Jorge Luis Lavalle Mauris y Mariana G\u00f3mez del Campo, Germ\u00e1n Tena Mart\u00ednez, Mary D\u00f3ddoli, Francisco Morelos Borja y H\u00e9ctor G\u00f3mez Trujillo.<\/p>\n","protected":false},"excerpt":{"rendered":"<p>Porque debemos reconstruir a Michoac\u00e1n, tal como dice el Partido Acci\u00f3n Nacional (PAN), y para ello se requiere que sea el Gobierno del Estado quien encabece este esfuerzo, la clave para lograrlo es nuestra candidata Luisa Mar\u00eda Calder\u00f3n Hinojosa,<\/p>\n","protected":false},"author":1,"featured_media":14014,"comment_status":"open","ping_status":"open","sticky":false,"template":"","format":"standard","meta":{"footnotes":""},"categories":[14,13,11],"tags":[],"class_list":["post-14013","post","type-post","status-publish","format-standard","has-post-thumbnail","hentry","category-destacadas","category-pan","category-partidos-politicos"],"_links":{"self":[{"href":"https:\/\/radiowebmx.com\/nota\/wp-json\/wp\/v2\/posts\/14013","targetHints":{"allow":["GET"]}}],"collection":[{"href":"https:\/\/radiowebmx.com\/nota\/wp-json\/wp\/v2\/posts"}],"about":[{"href":"https:\/\/radiowebmx.com\/nota\/wp-json\/wp\/v2\/types\/post"}],"author":[{"embeddable":true,"href":"https:\/\/radiowebmx.com\/nota\/wp-json\/wp\/v2\/users\/1"}],"replies":[{"embeddable":true,"href":"https:\/\/radiowebmx.com\/nota\/wp-json\/wp\/v2\/comments?post=14013"}],"version-history":[{"count":1,"href":"https:\/\/radiowebmx.com\/nota\/wp-json\/wp\/v2\/posts\/14013\/revisions"}],"predecessor-version":[{"id":14015,"href":"https:\/\/radiowebmx.com\/nota\/wp-json\/wp\/v2\/posts\/14013\/revisions\/14015"}],"wp:featuredmedia":[{"embeddable":true,"href":"https:\/\/radiowebmx.com\/nota\/wp-json\/wp\/v2\/media\/14014"}],"wp:attachment":[{"href":"https:\/\/radiowebmx.com\/nota\/wp-json\/wp\/v2\/media?parent=14013"}],"wp:term":[{"taxonomy":"category","embeddable":true,"href":"https:\/\/radiowebmx.com\/nota\/wp-json\/wp\/v2\/categories?post=14013"},{"taxonomy":"post_tag","embeddable":true,"href":"https:\/\/radiowebmx.com\/nota\/wp-json\/wp\/v2\/tags?post=14013"}],"curies":[{"name":"wp","href":"https:\/\/api.w.org\/{rel}","templated":true}]}}