{"id":14010,"date":"2015-03-23T10:48:04","date_gmt":"2015-03-23T16:48:04","guid":{"rendered":"https:\/\/radiowebmx.com\/nota\/?p=14010"},"modified":"2015-03-23T10:48:04","modified_gmt":"2015-03-23T16:48:04","slug":"todos-los-aspirantes-deben-conducirse-con-apego-a-la-legalidad-insto-chon-orihuela","status":"publish","type":"post","link":"https:\/\/radiowebmx.com\/nota\/todos-los-aspirantes-deben-conducirse-con-apego-a-la-legalidad-insto-chon-orihuela\/","title":{"rendered":"TODOS LOS ASPIRANTES DEBEN CONDUCIRSE CON APEGO A LA LEGALIDAD, INST\u00d3 CHON ORIHUELA"},"content":{"rendered":"<p>Jos\u00e9 Ascenci\u00f3n Orihuela B\u00e1rcenas inst\u00f3 a los aspirantes a todos los cargos de elecci\u00f3n popular de todos los partidos pol\u00edticos a conducirse con apego a la legalidad, respetando en todo momento lo establecido en las normas que rigen la contienda. Esta, dijo, es la oportunidad de darle a los michoacanos una contienda llena de propuestas que fortalezcan nuestro desarrollo y la vida democr\u00e1tica.<\/p>\n<p>&nbsp;<\/p>\n<p>En su registro como candidato del Partido Revolucionario Institucional (PRI) al gobierno del Estado de Michoac\u00e1n y flanqueado por el dirigente nacional C\u00e9sar Camacho Quiroz y la senadora Cristina D\u00edaz Salazar, Chon Orihuela enfatiz\u00f3 la importancia de que en este instituto pol\u00edtico se respete la ley, as\u00ed que durante la contienda \u201cseguiremos apegados a los principios democr\u00e1ticos de legalidad, tolerancia y respeto\u201d.<\/p>\n<p>&nbsp;<\/p>\n<p>El pri\u00edsta ratific\u00f3 ante consejeros del Instituto Electoral de Michoac\u00e1n (IEM) su confianza ante los \u00f3rganos electorales e instituciones y se\u00f1al\u00f3 que este es el tiempo en que juntos hagamos que cada uno de los michoacanos se sienta orgulloso de serlo y nuestra entidad se coloque como ejemplo de progreso para M\u00e9xico y los mexicanos; al PRI lo respalda la gran historia de haber iniciado las grandes transformaciones\u00a0 que necesita esta gran tierra.<\/p>\n<p>&nbsp;<\/p>\n<p>En presencia de los dirigentes estatales del PRI y del Partido Verde, Agust\u00edn Trujillo \u00cd\u00f1iguez y Jonathan Sanata, respectivamente, Chon Orihuela abund\u00f3, \u201clos pri\u00edstas somos gente \u00fanica, honesta y trabajadora, que siempre est\u00e1 dispuesta a enfrentar los desaf\u00edos que por m\u00e1s de 10 a\u00f1os no se atendieron; sabemos que no hay f\u00f3rmulas m\u00e1gicas y que los objetivos \u00fanicamente se alcanzan con trabajo, esfuerzo y pasi\u00f3n.<\/p>\n<p>&nbsp;<\/p>\n<p>\u201cComparto plenamente los ideales de mi partido, tengo los mismos anhelos que ustedes y de toda la gente buena de Michoac\u00e1n, hacer de esta tierra un estado m\u00e1s seguro, con una econom\u00eda fuerte y con los empleos que demanda nuestra gente\u201d.<\/p>\n<p>&nbsp;<\/p>\n<p>El PRI, indic\u00f3, continuar\u00e1 con la gran tarea de transformar al estado, en un proyecto en el que todos los michoacanos somos importantes e indispensables; todos aquellos que compartimos el anhelo de construir una entidad sin injusticias y sin duda todos aquellos que estamos orgullosos de ser michoacanos.<\/p>\n<p>&nbsp;<\/p>\n<p>Al presentar ante los consejeros del Instituto Electoral de Michoac\u00e1n la plataforma electoral \u201cProsperidad para Todos\u201d, destac\u00f3 que representa la visi\u00f3n conjunta de los principios, valores e ideales con las aspiraciones m\u00e1s leg\u00edtimas de los michoacanos.<\/p>\n<p>&nbsp;<\/p>\n<p>La plataforma, dijo, incluye los siguientes ejes tem\u00e1ticos: gobernabilidad y democracia de resultados; sociedad segura y de leyes; competitividad y productividad para la prosperidad; todos los derechos para todos los mexicanos; educaci\u00f3n de calidad para competir y prosperar.<\/p>\n<p>&nbsp;<\/p>\n<p>Adem\u00e1s, finaliz\u00f3 Chon Orihuela, un Michoac\u00e1n protagonista internacional responsable; desarrollo sustentable y combate al cambio clim\u00e1tico; igualdad de oportunidades para las mujeres; que los j\u00f3venes sean protagonistas de la transformaci\u00f3n de M\u00e9xico; y soluciones regionales a los retos estatales.<\/p>\n<p align=\"center\"><b>\u00a0<\/b><\/p>\n","protected":false},"excerpt":{"rendered":"<p>Jos\u00e9 Ascenci\u00f3n Orihuela B\u00e1rcenas inst\u00f3 a los aspirantes a todos los cargos de elecci\u00f3n popular de todos los partidos pol\u00edticos a conducirse con apego a la legalidad,<\/p>\n","protected":false},"author":1,"featured_media":14011,"comment_status":"open","ping_status":"open","sticky":false,"template":"","format":"standard","meta":{"footnotes":""},"categories":[14,11,12],"tags":[],"class_list":["post-14010","post","type-post","status-publish","format-standard","has-post-thumbnail","hentry","category-destacadas","category-partidos-politicos","category-pri"],"_links":{"self":[{"href":"https:\/\/radiowebmx.com\/nota\/wp-json\/wp\/v2\/posts\/14010","targetHints":{"allow":["GET"]}}],"collection":[{"href":"https:\/\/radiowebmx.com\/nota\/wp-json\/wp\/v2\/posts"}],"about":[{"href":"https:\/\/radiowebmx.com\/nota\/wp-json\/wp\/v2\/types\/post"}],"author":[{"embeddable":true,"href":"https:\/\/radiowebmx.com\/nota\/wp-json\/wp\/v2\/users\/1"}],"replies":[{"embeddable":true,"href":"https:\/\/radiowebmx.com\/nota\/wp-json\/wp\/v2\/comments?post=14010"}],"version-history":[{"count":1,"href":"https:\/\/radiowebmx.com\/nota\/wp-json\/wp\/v2\/posts\/14010\/revisions"}],"predecessor-version":[{"id":14012,"href":"https:\/\/radiowebmx.com\/nota\/wp-json\/wp\/v2\/posts\/14010\/revisions\/14012"}],"wp:featuredmedia":[{"embeddable":true,"href":"https:\/\/radiowebmx.com\/nota\/wp-json\/wp\/v2\/media\/14011"}],"wp:attachment":[{"href":"https:\/\/radiowebmx.com\/nota\/wp-json\/wp\/v2\/media?parent=14010"}],"wp:term":[{"taxonomy":"category","embeddable":true,"href":"https:\/\/radiowebmx.com\/nota\/wp-json\/wp\/v2\/categories?post=14010"},{"taxonomy":"post_tag","embeddable":true,"href":"https:\/\/radiowebmx.com\/nota\/wp-json\/wp\/v2\/tags?post=14010"}],"curies":[{"name":"wp","href":"https:\/\/api.w.org\/{rel}","templated":true}]}}