{"id":14003,"date":"2015-03-20T12:18:04","date_gmt":"2015-03-20T18:18:04","guid":{"rendered":"https:\/\/radiowebmx.com\/nota\/?p=14003"},"modified":"2015-03-20T12:18:04","modified_gmt":"2015-03-20T18:18:04","slug":"asume-miriam-cruz-hernandez-presidencia-del-comite-dif-municipal","status":"publish","type":"post","link":"https:\/\/radiowebmx.com\/nota\/asume-miriam-cruz-hernandez-presidencia-del-comite-dif-municipal\/","title":{"rendered":"ASUME MIRIAM CRUZ HERN\u00c1NDEZ, PRESIDENCIA DEL COMIT\u00c9 DIF MUNICIPAL"},"content":{"rendered":"<p>El presidente municipal de Morelia, Salvador Abud Mirabent, acompa\u00f1\u00f3 a su esposa Miriam Cruz Hern\u00e1ndez, al acto en el que fue presentada como la presidenta del Comit\u00e9 DIF Municipal, esta ma\u00f1ana en el Palacio Municipal.<\/p>\n<p>&nbsp;<\/p>\n<p>Ante la presencia de Catherine Rose Ettinger, presidenta del DIF Michoac\u00e1n; Alberto Su\u00e1rez Castillo, secretario del ayuntamiento; Mariana Sosa Olmeda, directora del Sistema DIF Michoac\u00e1n; Laura M\u00f3nica Tavera, directora del Comit\u00e9 DIF municipal; as\u00ed como las regidoras Sarah\u00ed Cort\u00e9s y Mar\u00eda del Carmen Cort\u00e9s, la presidenta del Comit\u00e9 DIF municipal, Miriam Cruz Hern\u00e1ndez, refrend\u00f3 el reto para lograr que Morelia sea un municipio en el que prevalezcan la solidaridad, la equidad y la educaci\u00f3n y que la capital michoacana sea ejemplo de una Suma de Voluntades que d\u00e9 resultados en igualdad de oportunidades.<\/p>\n<p>&nbsp;<\/p>\n<p>\u201cEstoy segura que con el apoyo del Presidente Municipal y todo el equipo de la administraci\u00f3n podr\u00e9 trabajar en la construcci\u00f3n de un Morelia solidario, m\u00e1s incluyente y por una mejor calidad de vida de quienes m\u00e1s lo requieren. Pondr\u00e9 mi esfuerzo y capacidad, en las tareas diarias al frente de esta noble instituci\u00f3n; redoblaremos esfuerzos, haremos buen uso de los recursos materiales, humanos y trabajaremos propositivamente defendiendo los derechos de los sectores vulnerables, adem\u00e1s de impulsar los programas de inclusi\u00f3n, luchando siempre por la integraci\u00f3n familiar\u201d.<\/p>\n<p>&nbsp;<\/p>\n<p>Asimismo, agradeci\u00f3 la presencia de Catherine Rose Ettinger, presidenta del DIF Michoac\u00e1n, de quien reconoci\u00f3 tomar\u00e1 ejemplo y experiencia para desempe\u00f1ar sus funciones al frente de la dependencia municipal.<\/p>\n<p>&nbsp;<\/p>\n<p>\u201cEs por eso que apelo a la sensibilidad y experiencia de Catherine, quien es un ejemplo a seguir para la labor que he de realizar. Adem\u00e1s, mantendremos un di\u00e1logo abierto con las instituciones, asociaciones y todos los \u00f3rdenes de gobierno\u201d.<\/p>\n<p>&nbsp;<\/p>\n<p>Por su parte, Catherine Rose Ettinger agradeci\u00f3 la invitaci\u00f3n a la presentaci\u00f3n de la se\u00f1ora Miriam Cruz Hern\u00e1ndez con quien, dijo, trabajar\u00e1 conjuntamente y en equipo para atender a los grupos vulnerables.<\/p>\n<p>&nbsp;<\/p>\n<p>\u201cNuestra ciudad tiene muchas necesidades. El 25 por ciento de la poblaci\u00f3n se encuentra en el municipio de Morelia, por eso es importante trabajar coordinadamente y ayudarnos mutuamente, ser\u00e1 un gusto\u201d.<\/p>\n<p>&nbsp;<\/p>\n<p>El presidente municipal, Abud Mirabent, agradeci\u00f3 igualmente la compa\u00f1\u00eda de Catherine Rose Ettinger y celebr\u00f3 la llegada de su esposa al equipo de trabajo, desde donde tendr\u00e1 la oportunidad de servirle a la sociedad moreliana.<\/p>\n<p>&nbsp;<\/p>\n<p>\u201cHoy sin duda Morelia escribe una nueva p\u00e1gina para llevar programas municipales, como se ha hecho hasta hoy, sumando voluntades, como una herramienta de trabajo. Con su liderazgo, con su asistencia, mancomunando esfuerzos, creando cadenas de valor, impactando positivamente y trabajando en conjunto con asociaciones civiles, buscar\u00e1 cambiar la indiferencia por la participaci\u00f3n social\u201d.<\/p>\n<p>&nbsp;<\/p>\n<p>Asimismo, refrend\u00f3 su respaldo y confianza en el desempe\u00f1o de Miriam Cruz de Abud, ya que \u201ccon su tenacidad y amor por Morelia, permitir\u00e1 el desarrollo de importantes proyectos as\u00ed como llevar calor humano a nuevos rincones del municipio, replicar las buenas acciones y aprovechar nuevas oportunidades en materia de asistencia social\u201d.<\/p>\n<p>&nbsp;<\/p>\n","protected":false},"excerpt":{"rendered":"<p>El presidente municipal de Morelia, Salvador Abud Mirabent, acompa\u00f1\u00f3 a su esposa Miriam Cruz Hern\u00e1ndez, al acto en el que fue presentada como la presidenta del Comit\u00e9 DIF Municipal, esta ma\u00f1ana en el Palacio Municipal.<\/p>\n","protected":false},"author":1,"featured_media":14004,"comment_status":"open","ping_status":"open","sticky":false,"template":"","format":"standard","meta":{"footnotes":""},"categories":[14,9],"tags":[],"class_list":["post-14003","post","type-post","status-publish","format-standard","has-post-thumbnail","hentry","category-destacadas","category-morelia"],"_links":{"self":[{"href":"https:\/\/radiowebmx.com\/nota\/wp-json\/wp\/v2\/posts\/14003","targetHints":{"allow":["GET"]}}],"collection":[{"href":"https:\/\/radiowebmx.com\/nota\/wp-json\/wp\/v2\/posts"}],"about":[{"href":"https:\/\/radiowebmx.com\/nota\/wp-json\/wp\/v2\/types\/post"}],"author":[{"embeddable":true,"href":"https:\/\/radiowebmx.com\/nota\/wp-json\/wp\/v2\/users\/1"}],"replies":[{"embeddable":true,"href":"https:\/\/radiowebmx.com\/nota\/wp-json\/wp\/v2\/comments?post=14003"}],"version-history":[{"count":1,"href":"https:\/\/radiowebmx.com\/nota\/wp-json\/wp\/v2\/posts\/14003\/revisions"}],"predecessor-version":[{"id":14005,"href":"https:\/\/radiowebmx.com\/nota\/wp-json\/wp\/v2\/posts\/14003\/revisions\/14005"}],"wp:featuredmedia":[{"embeddable":true,"href":"https:\/\/radiowebmx.com\/nota\/wp-json\/wp\/v2\/media\/14004"}],"wp:attachment":[{"href":"https:\/\/radiowebmx.com\/nota\/wp-json\/wp\/v2\/media?parent=14003"}],"wp:term":[{"taxonomy":"category","embeddable":true,"href":"https:\/\/radiowebmx.com\/nota\/wp-json\/wp\/v2\/categories?post=14003"},{"taxonomy":"post_tag","embeddable":true,"href":"https:\/\/radiowebmx.com\/nota\/wp-json\/wp\/v2\/tags?post=14003"}],"curies":[{"name":"wp","href":"https:\/\/api.w.org\/{rel}","templated":true}]}}