{"id":14000,"date":"2015-03-20T12:16:22","date_gmt":"2015-03-20T18:16:22","guid":{"rendered":"https:\/\/radiowebmx.com\/nota\/?p=14000"},"modified":"2015-03-20T12:16:22","modified_gmt":"2015-03-20T18:16:22","slug":"lista-morelia-para-recibir-al-turismo-en-vacaciones-de-semana-santa","status":"publish","type":"post","link":"https:\/\/radiowebmx.com\/nota\/lista-morelia-para-recibir-al-turismo-en-vacaciones-de-semana-santa\/","title":{"rendered":"LISTA MORELIA,  PARA RECIBIR AL TURISMO EN VACACIONES DE SEMANA SANTA"},"content":{"rendered":"<p>El Secretario de Turismo de Morelia, Enrique Rivera Ruiz, anunci\u00f3 en rueda de prensa la serie de actividades que se desarrollar\u00e1n \u00a0para el pr\u00f3ximo periodo vacacional que comprende del 27 de marzo al 12 de abril.<\/p>\n<p>Para este descanso se prev\u00e9 que la ocupaci\u00f3n hotelera durante estos d\u00edas santos sea del 100 por ciento y que a lo largo de los tres fines de semana que contempla el periodo vacacional sea del 70 por ciento esperando un promedio de 20 mil visitantes pudiendo dejar una derrama econ\u00f3mica de 100 millones de pesos.<\/p>\n<p>En una Suma de Voluntades con la Secretar\u00eda de Cultura en el\u00a0 Estado dar\u00e1n inicio las actividades el viernes 27 de marzo con un concierto de la Orquesta Sinf\u00f3nica de Michoac\u00e1n en la majestuosa catedral de Morelia con lo que se estar\u00eda dando inicio al periodo vacacional.<\/p>\n<p>Rivera Ruiz agreg\u00f3 que para los d\u00edas santos y los eventos religiosos, el ayuntamiento s\u00f3lo coadyuva para que se lleven a cabo de tal forma que del d\u00eda primero al 4 de abril estar\u00e1 montado en la explanada Natalio V\u00e1zquez Pallares el tradicional altar de dolores, un altar que a\u00f1o con a\u00f1o atrae a cientos de turistas y que ayuda a que la actividad econ\u00f3mica se detone en la zona por contar con la cercan\u00eda del mercado de dulces.<\/p>\n<p>Asimismo, dentro de las actividades que espera el primer cuadro de la ciudad se encuentra la visita de los 7 templos, una actividad que es realizada por miles de feligreses cat\u00f3licos que llenan las calles y\u00a0 los templos\u00a0 durante el jueves 2 de abril, tambi\u00e9n, fuera del Centro Hist\u00f3rico el Ayuntamiento de Morelia invita a las representaciones b\u00edblicas en la parroquia de San Miguel Arc\u00e1ngel, de la colonia Independencia, y en el templo del Salvador del Mundo, de la colonia Ju\u00e1rez.<\/p>\n<p>Por su\u00a0 parte, Guillermo Israel Rodr\u00edguez Cruz, presidente de Tradiciones Michoacanas A.C, y encargado de la procesi\u00f3n del silencio anunci\u00f3 que se tendr\u00e1 la participaci\u00f3n de 2 mil personas pertenecientes a 20 cofrad\u00edas que estar\u00e1n caminando sobre las principales calles del centro de la ciudad partiendo de la calzada Fray Antonio de San Miguel para recorrer la avenida Madero hasta llegar a la catedral en donde el cardenal dar\u00e1 el p\u00e9same a la virgen de la Soledad, posteriormente la procesi\u00f3n continuar\u00e1 por la calle Abasolo rodeando la plaza de armas para tomar Allende siguiendo hasta desembocar en la plaza San Francisco para tomar Ortega y Monta\u00f1ez hasta finalizar en la iglesia de las Capuchinas.<\/p>\n<p>Rodr\u00edguez Cruz mencion\u00f3 que esta procesi\u00f3n lleva ya 39 a\u00f1os llev\u00e1ndose a cabo de manera ininterrumpida y que es una de las m\u00e1s importantes despu\u00e9s de procesiones como las de San Luis Potos\u00ed y Zacatecas ya que se espera que m\u00e1s de 35 mil personas vean caminar a las diferentes cofrad\u00edas.<\/p>\n<p>Para esos d\u00edas se reforzar\u00e1n los esfuerzos que el Ayuntamiento de Morelia realiza a trav\u00e9s de parques y jardines, alumbrado p\u00fablico, protecci\u00f3n civil, centro hist\u00f3rico, aseo p\u00fablico y la secretar\u00eda de turismo adem\u00e1s de que se contar\u00e1 con un importante operativo de seguridad para salvaguardar la integridad de los visitantes durante este periodo as\u00ed como de los mismos morelianos.<\/p>\n","protected":false},"excerpt":{"rendered":"<p>El Secretario de Turismo de Morelia, Enrique Rivera Ruiz, anunci\u00f3 en rueda de prensa la serie de actividades que se desarrollar\u00e1n  para el pr\u00f3ximo periodo vacacional que comprende del 27 de marzo al 12 de abril.<\/p>\n","protected":false},"author":1,"featured_media":14001,"comment_status":"open","ping_status":"open","sticky":false,"template":"","format":"standard","meta":{"footnotes":""},"categories":[14,9],"tags":[],"class_list":["post-14000","post","type-post","status-publish","format-standard","has-post-thumbnail","hentry","category-destacadas","category-morelia"],"_links":{"self":[{"href":"https:\/\/radiowebmx.com\/nota\/wp-json\/wp\/v2\/posts\/14000","targetHints":{"allow":["GET"]}}],"collection":[{"href":"https:\/\/radiowebmx.com\/nota\/wp-json\/wp\/v2\/posts"}],"about":[{"href":"https:\/\/radiowebmx.com\/nota\/wp-json\/wp\/v2\/types\/post"}],"author":[{"embeddable":true,"href":"https:\/\/radiowebmx.com\/nota\/wp-json\/wp\/v2\/users\/1"}],"replies":[{"embeddable":true,"href":"https:\/\/radiowebmx.com\/nota\/wp-json\/wp\/v2\/comments?post=14000"}],"version-history":[{"count":1,"href":"https:\/\/radiowebmx.com\/nota\/wp-json\/wp\/v2\/posts\/14000\/revisions"}],"predecessor-version":[{"id":14002,"href":"https:\/\/radiowebmx.com\/nota\/wp-json\/wp\/v2\/posts\/14000\/revisions\/14002"}],"wp:featuredmedia":[{"embeddable":true,"href":"https:\/\/radiowebmx.com\/nota\/wp-json\/wp\/v2\/media\/14001"}],"wp:attachment":[{"href":"https:\/\/radiowebmx.com\/nota\/wp-json\/wp\/v2\/media?parent=14000"}],"wp:term":[{"taxonomy":"category","embeddable":true,"href":"https:\/\/radiowebmx.com\/nota\/wp-json\/wp\/v2\/categories?post=14000"},{"taxonomy":"post_tag","embeddable":true,"href":"https:\/\/radiowebmx.com\/nota\/wp-json\/wp\/v2\/tags?post=14000"}],"curies":[{"name":"wp","href":"https:\/\/api.w.org\/{rel}","templated":true}]}}