{"id":13967,"date":"2015-03-18T10:56:54","date_gmt":"2015-03-18T16:56:54","guid":{"rendered":"https:\/\/radiowebmx.com\/nota\/?p=13967"},"modified":"2015-03-18T10:56:54","modified_gmt":"2015-03-18T16:56:54","slug":"la-secretaria-de-obras-publicas-rehabilitara-unidad-deportiva-felix-ireta","status":"publish","type":"post","link":"https:\/\/radiowebmx.com\/nota\/la-secretaria-de-obras-publicas-rehabilitara-unidad-deportiva-felix-ireta\/","title":{"rendered":"LA SECRETAR\u00cdA DE OBRAS P\u00daBLICAS REHABILITAR\u00c1 UNIDAD DEPORTIVA F\u00c9LIX IRETA"},"content":{"rendered":"<p>El Ayuntamiento de Morelia, a trav\u00e9s de la Secretar\u00eda de Obras P\u00fablicas, inici\u00f3 esta ma\u00f1ana los trabajos para rehabilitar la techumbre de la unidad deportiva\u00a0F\u00e9lix Ireta, mejor conocida como \u201cFrontones Primero de Mayo\u201d,\u00a0que se localiza en las inmediaciones del Centro de la capital michoacana.<\/p>\n<p>&nbsp;<\/p>\n<p>Personal de la dependencia municipal a cargo de Gustavo Moriel Armendariz, secretario de Obras P\u00fablicas, ya se encuentra en la zona afectada, a fin de dictaminar e iniciar las acciones de reconstrucci\u00f3n de los 400 metros cuadrados que ser\u00e1n recuperados gracias a la fianza en garant\u00eda que har\u00e1 efectiva el Ayuntamiento moreliano.<\/p>\n<p>&nbsp;<\/p>\n<p>De este modo, la empresa que licit\u00f3 dicha obra recuperar\u00e1 el 100 por ciento de los trabajos requeridos para poner en funcionamiento dicha unidad y entregar nuevamente la obra con los est\u00e1ndares de calidad que son requeridos, pero que, ante las condiciones climatol\u00f3gicas extraordinarias que se suscitaron el fin de semana, sufri\u00f3 severas afectaciones.<\/p>\n<p>&nbsp;<\/p>\n<p>Hasta el momento el\u00a0personal de Obras P\u00fablicas, tanto del \u00e1rea de dise\u00f1o as\u00ed como del \u00e1rea t\u00e9cnica y jur\u00eddica se trasladaron a la unidad deportiva a fin de realizar el an\u00e1lisis que permitir\u00e1 dictaminar las causas que provocaron que se colapsara esta unidad el fin de semana.<\/p>\n<p>&nbsp;<\/p>\n<p>La dependencia municipal inform\u00f3 que fueron tres factores que produjeron el derrumbe de la techumbre: el exceso de precipitaci\u00f3n pluvial, el granizo y las fuertes r\u00e1fagas de viento, puesto que estas condiciones extremas de lluvia generaron bolsas de aire que levantaron la lona de vinil y la tuber\u00eda de acero estructural. Se registraron entre los 80 y 120 mil\u00edmetros c\u00fabicos de precipitaci\u00f3n pluvial, lo cual equivale a cuatro veces m\u00e1s del volumen de lluvia que llega a caer en condiciones normales.<\/p>\n<p>&nbsp;<\/p>\n<p>Se estima que en las pr\u00f3ximas semanas se reaperture la unidad deportiva, por lo que se pide la comprensi\u00f3n a los usuarios para concluir los trabajos de rehabilitaci\u00f3n y se solicita a la ciudadan\u00eda estar pendientes de los avisos emitidos por Protecci\u00f3n Civil ante las adversas condiciones climatol\u00f3gicas que se puedan presentar.<\/p>\n","protected":false},"excerpt":{"rendered":"<p>El Ayuntamiento de Morelia, a trav\u00e9s de la Secretar\u00eda de Obras P\u00fablicas, inici\u00f3 esta ma\u00f1ana los trabajos para rehabilitar la techumbre de la unidad deportiva F\u00e9lix Ireta, mejor conocida como \u201cFrontones Primero de Mayo\u201d, que se localiza en las inmediaciones del Centro de la capital michoacana.<\/p>\n","protected":false},"author":1,"featured_media":13968,"comment_status":"open","ping_status":"open","sticky":false,"template":"","format":"standard","meta":{"footnotes":""},"categories":[14,9],"tags":[],"class_list":["post-13967","post","type-post","status-publish","format-standard","has-post-thumbnail","hentry","category-destacadas","category-morelia"],"_links":{"self":[{"href":"https:\/\/radiowebmx.com\/nota\/wp-json\/wp\/v2\/posts\/13967","targetHints":{"allow":["GET"]}}],"collection":[{"href":"https:\/\/radiowebmx.com\/nota\/wp-json\/wp\/v2\/posts"}],"about":[{"href":"https:\/\/radiowebmx.com\/nota\/wp-json\/wp\/v2\/types\/post"}],"author":[{"embeddable":true,"href":"https:\/\/radiowebmx.com\/nota\/wp-json\/wp\/v2\/users\/1"}],"replies":[{"embeddable":true,"href":"https:\/\/radiowebmx.com\/nota\/wp-json\/wp\/v2\/comments?post=13967"}],"version-history":[{"count":2,"href":"https:\/\/radiowebmx.com\/nota\/wp-json\/wp\/v2\/posts\/13967\/revisions"}],"predecessor-version":[{"id":13970,"href":"https:\/\/radiowebmx.com\/nota\/wp-json\/wp\/v2\/posts\/13967\/revisions\/13970"}],"wp:featuredmedia":[{"embeddable":true,"href":"https:\/\/radiowebmx.com\/nota\/wp-json\/wp\/v2\/media\/13968"}],"wp:attachment":[{"href":"https:\/\/radiowebmx.com\/nota\/wp-json\/wp\/v2\/media?parent=13967"}],"wp:term":[{"taxonomy":"category","embeddable":true,"href":"https:\/\/radiowebmx.com\/nota\/wp-json\/wp\/v2\/categories?post=13967"},{"taxonomy":"post_tag","embeddable":true,"href":"https:\/\/radiowebmx.com\/nota\/wp-json\/wp\/v2\/tags?post=13967"}],"curies":[{"name":"wp","href":"https:\/\/api.w.org\/{rel}","templated":true}]}}