{"id":13948,"date":"2015-03-17T11:20:43","date_gmt":"2015-03-17T17:20:43","guid":{"rendered":"https:\/\/radiowebmx.com\/nota\/?p=13948"},"modified":"2015-03-17T11:20:43","modified_gmt":"2015-03-17T17:20:43","slug":"inicia-proteccion-civil-labores-para-sacar-agua-de-casas-inundadas","status":"publish","type":"post","link":"https:\/\/radiowebmx.com\/nota\/inicia-proteccion-civil-labores-para-sacar-agua-de-casas-inundadas\/","title":{"rendered":"INICIA PROTECCI\u00d3N CIVIL LABORES PARA SACAR AGUA DE CASAS INUNDADAS"},"content":{"rendered":"<p>Esta ma\u00f1ana, a partir de las 8:00 horas, el personal de Protecci\u00f3n Civil y Bomberos municipales activ\u00f3 el plan de acciones de apoyo para bombear el agua contaminada de las casas que se inundaron en este fin de semana, ante las constantes lluvias presentadas en la ciudad.<\/p>\n<p>&nbsp;<\/p>\n<p>Concentrados en la calle Cadete Salazar, de la colonia Carlos Salazar, personal de Protecci\u00f3n Civil, comandado por el director Rabindranath Luna McGregor, inici\u00f3 las labores de bombeo de agua de aljibes y zonas bajas de las casas que se inundan, debido a que est\u00e1n ubicadas en una zona por debajo del nivel del r\u00edo.<\/p>\n<p>&nbsp;<\/p>\n<p>\u201cNos faltan dos calles m\u00e1s y hasta que no haya una casa que no haya que sacarle el agua, hasta ese momento no cerraremos nuestra actividad\u201d, indic\u00f3 el director de Protecci\u00f3n Civil municipal.<\/p>\n<p>&nbsp;<\/p>\n<p>Luna McGregor agreg\u00f3 que la actividad de limpieza en las zonas afectadas podr\u00eda llevar aproximadamente dos d\u00edas, \u201ccon suerte, terminamos hoy de bombear el agua de las casas y faltar\u00eda que los vecinos concluyan con la limpieza de sus propias casas y el acomodo de sus pertenencias\u201d.<\/p>\n<p>&nbsp;<\/p>\n<p>El director de PC municipal agreg\u00f3 que la dependencia a su cargo se mantiene alerta ante la presencia aun del fen\u00f3meno climatol\u00f3gico.<\/p>\n<p>&nbsp;<\/p>\n<p>\u201cSe ha desviado hacia Jalisco y Colima pero sigue tocando una orilla de Michoac\u00e1n, ya va m\u00e1s hacia el norte y esperemos que siga as\u00ed para no tener m\u00e1s afectaciones, aun as\u00ed, seguimos pendientes ante cualquier emergencia que pueda presentarse\u201d.<\/p>\n<p>&nbsp;<\/p>\n<p>Ante ello, emiti\u00f3 las recomendaciones a la poblaci\u00f3n en general para que est\u00e9n preparados para subir sus muebles en caso de que se presente nuevamente una lluvia constante que suba el nivel de los r\u00edos y genere desbordamientos afectando las zonas de hogares que est\u00e1n instalados por debajo del nivel de los r\u00edos.<\/p>\n<p>&nbsp;<\/p>\n<p>Aunado a ello se recomienda a los automovilistas no circular por las zonas encharcadas para evitar quedarse varados y porque, al circular, avientan m\u00e1s agua a las casas; disminuir la velocidad porque ha habido muchos accidentes por pavimento mojado; no salir a menos que sea de verdad indispensable, no traspasar los se\u00f1alamientos de seguridad.<\/p>\n","protected":false},"excerpt":{"rendered":"<p>Esta ma\u00f1ana, a partir de las 8:00 horas, el personal de Protecci\u00f3n Civil y Bomberos municipales activ\u00f3 el plan de acciones de apoyo para bombear el agua contaminada de las casas que se inundaron en este fin de semana, ante las constantes lluvias presentadas en la ciudad.<\/p>\n","protected":false},"author":1,"featured_media":0,"comment_status":"open","ping_status":"open","sticky":false,"template":"","format":"standard","meta":{"footnotes":""},"categories":[9],"tags":[],"class_list":["post-13948","post","type-post","status-publish","format-standard","hentry","category-morelia"],"_links":{"self":[{"href":"https:\/\/radiowebmx.com\/nota\/wp-json\/wp\/v2\/posts\/13948","targetHints":{"allow":["GET"]}}],"collection":[{"href":"https:\/\/radiowebmx.com\/nota\/wp-json\/wp\/v2\/posts"}],"about":[{"href":"https:\/\/radiowebmx.com\/nota\/wp-json\/wp\/v2\/types\/post"}],"author":[{"embeddable":true,"href":"https:\/\/radiowebmx.com\/nota\/wp-json\/wp\/v2\/users\/1"}],"replies":[{"embeddable":true,"href":"https:\/\/radiowebmx.com\/nota\/wp-json\/wp\/v2\/comments?post=13948"}],"version-history":[{"count":1,"href":"https:\/\/radiowebmx.com\/nota\/wp-json\/wp\/v2\/posts\/13948\/revisions"}],"predecessor-version":[{"id":13949,"href":"https:\/\/radiowebmx.com\/nota\/wp-json\/wp\/v2\/posts\/13948\/revisions\/13949"}],"wp:attachment":[{"href":"https:\/\/radiowebmx.com\/nota\/wp-json\/wp\/v2\/media?parent=13948"}],"wp:term":[{"taxonomy":"category","embeddable":true,"href":"https:\/\/radiowebmx.com\/nota\/wp-json\/wp\/v2\/categories?post=13948"},{"taxonomy":"post_tag","embeddable":true,"href":"https:\/\/radiowebmx.com\/nota\/wp-json\/wp\/v2\/tags?post=13948"}],"curies":[{"name":"wp","href":"https:\/\/api.w.org\/{rel}","templated":true}]}}