{"id":13943,"date":"2015-03-17T11:14:32","date_gmt":"2015-03-17T17:14:32","guid":{"rendered":"https:\/\/radiowebmx.com\/nota\/?p=13943"},"modified":"2015-03-17T11:14:32","modified_gmt":"2015-03-17T17:14:32","slug":"inicia-programa-emergente-de-bacheo-en-morelia","status":"publish","type":"post","link":"https:\/\/radiowebmx.com\/nota\/inicia-programa-emergente-de-bacheo-en-morelia\/","title":{"rendered":"INICIA PROGRAMA EMERGENTE DE BACHEO EN MORELIA"},"content":{"rendered":"<p>Ante las afectaciones viales ocasionadas por la presencia de constantes lluvias en la ciudad, el personal de la Secretar\u00eda de Obras P\u00fablicas municipales, a cargo del ingeniero Gustavo Antonio Moriel Armendariz, activ\u00f3 brigadas de bacheo que comenzar\u00e1n a atender las principales v\u00edas de mayor tr\u00e1nsito de la ciudad que se han visto afectadas.<\/p>\n<p>&nbsp;<\/p>\n<p>La ma\u00f1ana de este lunes, tres cuadrillas del Programa de Conservaci\u00f3n y Mantenimiento comenzaron a laborar principalmente en las laterales de la avenida Camelinas, en la zona cercana a la salida a Mil Cumbres, y as\u00ed ir\u00e1n atendiendo las zonas de mayor riesgo para los automovilistas.<\/p>\n<p>&nbsp;<\/p>\n<p>De acuerdo con el ingeniero Moriel, en Morelia, aproximadamente el 70 por ciento de las calles tienen ya una antig\u00fcedad y una fatiga que agot\u00f3 la resistencia de dichas v\u00edas, y es en \u00e9stas donde se presenta el mayor problema de baches.<\/p>\n<p>&nbsp;<\/p>\n<p>\u201cEstamos atendiendo las zonas de mayor transitabilidad y donde se presentan baches profundos, tambi\u00e9n las calles que tienen mayor tr\u00e1fico. En general, las zonas que presentan mayor riesgo para los automovilistas\u201d, inform\u00f3 el funcionario municipal.<\/p>\n<p>&nbsp;<\/p>\n<p>Aunado a ello, el encargado de la Secretar\u00eda de Obras en la capital michoacana inform\u00f3 que se atender\u00e1 tambi\u00e9n calzada La Huerta, la avenida L\u00e1zaro C\u00e1rdenas, el boulevard Garc\u00eda de Le\u00f3n, y en general los cuatro sectores y todas las laterales del perif\u00e9rico \u201cque es donde se est\u00e1 presentando mayor presencia de baches\u201d.<\/p>\n<p>&nbsp;<\/p>\n<p>Moriel Armendariz agreg\u00f3 que la dependencia est\u00e1 elaborando mezcla para tener la suficiencia para atender la necesidad de bacheo en esta pr\u00f3xima semana \u201cporque tenemos la obligaci\u00f3n de cubrir cada bache que encontremos con riesgo para los automovilistas\u201d.<\/p>\n<p>&nbsp;<\/p>\n<p>\u201cRecomendamos a los automovilistas para que manejen a baja velocidad y que, en las zonas donde ellos perciban que, por encharcamientos, no se aprecia el terreno de lo que es el pavimento, procuren buscar v\u00edas alternas de circulaci\u00f3n para evitar zonas en las que pudieran encontrarse con un bache\u201d,<\/p>\n","protected":false},"excerpt":{"rendered":"<p>Ante las afectaciones viales ocasionadas por la presencia de constantes lluvias en la ciudad, el personal de la Secretar\u00eda de Obras P\u00fablicas municipales, a cargo del ingeniero Gustavo Antonio Moriel Armendariz,<\/p>\n","protected":false},"author":1,"featured_media":13944,"comment_status":"open","ping_status":"open","sticky":false,"template":"","format":"standard","meta":{"footnotes":""},"categories":[14,9],"tags":[],"class_list":["post-13943","post","type-post","status-publish","format-standard","has-post-thumbnail","hentry","category-destacadas","category-morelia"],"_links":{"self":[{"href":"https:\/\/radiowebmx.com\/nota\/wp-json\/wp\/v2\/posts\/13943","targetHints":{"allow":["GET"]}}],"collection":[{"href":"https:\/\/radiowebmx.com\/nota\/wp-json\/wp\/v2\/posts"}],"about":[{"href":"https:\/\/radiowebmx.com\/nota\/wp-json\/wp\/v2\/types\/post"}],"author":[{"embeddable":true,"href":"https:\/\/radiowebmx.com\/nota\/wp-json\/wp\/v2\/users\/1"}],"replies":[{"embeddable":true,"href":"https:\/\/radiowebmx.com\/nota\/wp-json\/wp\/v2\/comments?post=13943"}],"version-history":[{"count":1,"href":"https:\/\/radiowebmx.com\/nota\/wp-json\/wp\/v2\/posts\/13943\/revisions"}],"predecessor-version":[{"id":13945,"href":"https:\/\/radiowebmx.com\/nota\/wp-json\/wp\/v2\/posts\/13943\/revisions\/13945"}],"wp:featuredmedia":[{"embeddable":true,"href":"https:\/\/radiowebmx.com\/nota\/wp-json\/wp\/v2\/media\/13944"}],"wp:attachment":[{"href":"https:\/\/radiowebmx.com\/nota\/wp-json\/wp\/v2\/media?parent=13943"}],"wp:term":[{"taxonomy":"category","embeddable":true,"href":"https:\/\/radiowebmx.com\/nota\/wp-json\/wp\/v2\/categories?post=13943"},{"taxonomy":"post_tag","embeddable":true,"href":"https:\/\/radiowebmx.com\/nota\/wp-json\/wp\/v2\/tags?post=13943"}],"curies":[{"name":"wp","href":"https:\/\/api.w.org\/{rel}","templated":true}]}}