{"id":13923,"date":"2015-03-17T10:51:19","date_gmt":"2015-03-17T16:51:19","guid":{"rendered":"https:\/\/radiowebmx.com\/nota\/?p=13923"},"modified":"2015-03-17T10:51:19","modified_gmt":"2015-03-17T16:51:19","slug":"daniela-de-los-santos-reconoce-y-celebra-la-valentia-de-las-mujeres","status":"publish","type":"post","link":"https:\/\/radiowebmx.com\/nota\/daniela-de-los-santos-reconoce-y-celebra-la-valentia-de-las-mujeres\/","title":{"rendered":"DANIELA DE LOS SANTOS RECONOCE Y CELEBRA LA VALENTIA DE LAS MUJERES"},"content":{"rendered":"<p>En el marco de la conmemoraci\u00f3n del D\u00eda Internacional de la Mujer, la diputada local con licencia, Daniela De Los Santos Torres, felicit\u00f3 a todas las mujeres michoacanas en tan importante ocasi\u00f3n.<\/p>\n<p>Asimismo, hizo un reconocimiento y celebr\u00f3 la valent\u00eda y determinaci\u00f3n \u201cde todas aquellas mujeres que d\u00eda a d\u00eda participan y juegan un papel clave en la toma de decisiones de sus comunidades\u201d.<b><\/b><\/p>\n<p>Record\u00f3 que el D\u00eda Internacional de la Mujer fue creado por la Internacional Socialista en 1910, en su reuni\u00f3n de Copenhague, entonces sin fecha definida, la cual a partir de 1917 se fij\u00f3 para el d\u00eda 8 de marzo, \u201cse conmemora este d\u00eda porque durante la Primera Guerra Mundial, las mujeres de Rusia se declararon en huelga demandando a su gobierno el voto femenino, gracias a ello Rusia reconoci\u00f3 el derecho de las mujeres a votar\u201d.<\/p>\n<p>Al hablar sobre la importancia de la participaci\u00f3n de la mujer en la vida pol\u00edtica de nuestro pa\u00eds, Daniela De Los Santos coment\u00f3 que \u201cen M\u00e9xico no fue hasta 1953 que la mujer obtuvo el derecho a votar y ser votada, hoy a 62 a\u00f1os de esa fecha, la mujer mexicana ha logrado avanzar mucho en la pol\u00edtica mexicana\u201d.<\/p>\n<p>M\u00e9xico y Michoac\u00e1n han emprendido su transformaci\u00f3n gracias a las reformas estructurales y el apoyo decidido del Gobierno de la Rep\u00fablica, \u201cla mujer mexicana siempre ha sido agente de cambio, representamos el 52 por ciento de la poblaci\u00f3n en nuestro pa\u00eds, debemos sensibilizarnos y sensibilizar a otros sobre la importancia de la igualdad de g\u00e9nero, los pa\u00edses con mayor participaci\u00f3n femenina en la administraci\u00f3n p\u00fablica tienen mayor bienestar social\u201d, concluy\u00f3.<\/p>\n<p>&nbsp;<\/p>\n<p>&nbsp;<\/p>\n","protected":false},"excerpt":{"rendered":"<p>En el marco de la conmemoraci\u00f3n del D\u00eda Internacional de la Mujer, la diputada local con licencia, Daniela De Los Santos Torres, felicit\u00f3 a todas las mujeres michoacanas en tan importante ocasi\u00f3n.<\/p>\n","protected":false},"author":1,"featured_media":13924,"comment_status":"open","ping_status":"open","sticky":false,"template":"","format":"standard","meta":{"footnotes":""},"categories":[6,14,7],"tags":[],"class_list":["post-13923","post","type-post","status-publish","format-standard","has-post-thumbnail","hentry","category-congreso-del-estado","category-destacadas","category-grupo-parlamentario-del-pri"],"_links":{"self":[{"href":"https:\/\/radiowebmx.com\/nota\/wp-json\/wp\/v2\/posts\/13923","targetHints":{"allow":["GET"]}}],"collection":[{"href":"https:\/\/radiowebmx.com\/nota\/wp-json\/wp\/v2\/posts"}],"about":[{"href":"https:\/\/radiowebmx.com\/nota\/wp-json\/wp\/v2\/types\/post"}],"author":[{"embeddable":true,"href":"https:\/\/radiowebmx.com\/nota\/wp-json\/wp\/v2\/users\/1"}],"replies":[{"embeddable":true,"href":"https:\/\/radiowebmx.com\/nota\/wp-json\/wp\/v2\/comments?post=13923"}],"version-history":[{"count":1,"href":"https:\/\/radiowebmx.com\/nota\/wp-json\/wp\/v2\/posts\/13923\/revisions"}],"predecessor-version":[{"id":13925,"href":"https:\/\/radiowebmx.com\/nota\/wp-json\/wp\/v2\/posts\/13923\/revisions\/13925"}],"wp:featuredmedia":[{"embeddable":true,"href":"https:\/\/radiowebmx.com\/nota\/wp-json\/wp\/v2\/media\/13924"}],"wp:attachment":[{"href":"https:\/\/radiowebmx.com\/nota\/wp-json\/wp\/v2\/media?parent=13923"}],"wp:term":[{"taxonomy":"category","embeddable":true,"href":"https:\/\/radiowebmx.com\/nota\/wp-json\/wp\/v2\/categories?post=13923"},{"taxonomy":"post_tag","embeddable":true,"href":"https:\/\/radiowebmx.com\/nota\/wp-json\/wp\/v2\/tags?post=13923"}],"curies":[{"name":"wp","href":"https:\/\/api.w.org\/{rel}","templated":true}]}}