{"id":13903,"date":"2015-03-13T13:15:04","date_gmt":"2015-03-13T19:15:04","guid":{"rendered":"https:\/\/radiowebmx.com\/nota\/?p=13903"},"modified":"2015-03-13T13:15:04","modified_gmt":"2015-03-13T19:15:04","slug":"acuerdan-autoridades-educativas-de-michoacan-y-estados-unidos-impulsar-el-programa-binacional-de-educacion-migrante","status":"publish","type":"post","link":"https:\/\/radiowebmx.com\/nota\/acuerdan-autoridades-educativas-de-michoacan-y-estados-unidos-impulsar-el-programa-binacional-de-educacion-migrante\/","title":{"rendered":"ACUERDAN AUTORIDADES EDUCATIVAS DE MICHOAC\u00c1N Y ESTADOS UNIDOS IMPULSAR EL PROGRAMA BINACIONAL DE EDUCACI\u00d3N MIGRANTE"},"content":{"rendered":"<p>Con el objetivo de definir esquemas de acci\u00f3n y elevar la calidad de los servicios que se ofrecen a estudiantes migrantes en Estados Unidos y en su retorno al pa\u00eds, Armando Sep\u00falveda L\u00f3pez, secretario de Educaci\u00f3n en el estado, se reuni\u00f3 con autoridades en la Uni\u00f3n Americana que coordinan el Programa Binacional de Educaci\u00f3n Migrante (PROBEM), operado en Michoac\u00e1n por la Secretar\u00eda de Educaci\u00f3n.<\/p>\n<p>Al considerar que de los estudiantes de origen mexicano registrados por el PROBEM, que se encuentran en California, son en su mayor\u00eda de origen michoacano, es para las autoridades de ambos pa\u00edses importante dar seguimiento a los esquemas de apoyo que se otorgan mediante este programa e impulsar la aplicaci\u00f3n del mismo.<\/p>\n<p>As\u00ed lo destac\u00f3 el titular de la Secretar\u00eda de Educaci\u00f3n quien dijo que es importante que los ni\u00f1os y j\u00f3venes que realicen sus estudios en ambas naciones, tengan la seguridad jur\u00eddica de que sus estudios van a ser reconocidos y validados.<\/p>\n<p>\u201cLo m\u00e1s importante para nosotros es asegurar que la educaci\u00f3n, ya sea en Estados Unidos o en M\u00e9xico, sea de calidad\u201d, prioriz\u00f3.<\/p>\n<p>Sobre el mismo tema, extern\u00f3 que la Secretar\u00eda de Educaci\u00f3n se encuentra atendiendo lo que corresponde en los casos de estudiantes migrantes que regresan o bien que se quedan en Estados Unidos continuando sus estudios.<\/p>\n<p>En tanto Ernesto Vela, director Regional de Educaci\u00f3n Migrante en la regi\u00f3n 16, en Salinas; Steve Olmos, director Regional de Educaci\u00f3n Migrante en la regi\u00f3n 2 de Santa Rosa, y Ra\u00fal D\u00edaz, director Regional de Educaci\u00f3n Migrante en la regi\u00f3n 3 de Merced, California, coincidieron en la importancia que el programa tiene en ambas naciones.<\/p>\n<p>Luis \u00c1lvarez Rojas, coordinador del PROBEM en Michoac\u00e1n inform\u00f3 que el objetivo del Programa Binacional de Educaci\u00f3n Migrante, radica en que los ni\u00f1os y j\u00f3venes migrantes que cursan sus estudios en M\u00e9xico y Estados Unidos, o cualquier otro pa\u00eds, reciban una educaci\u00f3n b\u00e1sica de calidad, facilitando el acceso, permanencia y t\u00e9rmino de sus estudios, en un ambiente incluyente e intercultural que promuevan los docentes en las aulas.<\/p>\n<p><b>Numeralia:<\/b><\/p>\n<p>22 Docentes participantes en el intercambio de profesores con Estados Unidos.<\/p>\n<p>1 Estado de la Uni\u00f3n Americana con quien se desarrolla el programa (California).<\/p>\n<p>3 Regiones atendidas. (2 Sta. Rosa, XI Watsonville y\u00a0 XVI Salinas).<\/p>\n<p>16 escuelas con poblaci\u00f3n migrante atendidas.<\/p>\n<p>7 Condados del Estado considerados.<\/p>\n<p>18 Distritos escolares en atenci\u00f3n directa.<\/p>\n<p>2,410 alumnos y alumnas atendidos durante tres meses, lo que gener\u00f3 m\u00e1s de 6,025 acciones educativas semanales.<\/p>\n","protected":false},"excerpt":{"rendered":"<p>Con el objetivo de definir esquemas de acci\u00f3n y elevar la calidad de los servicios que se ofrecen a estudiantes migrantes en Estados Unidos y en su retorno al pa\u00eds, Armando Sep\u00falveda L\u00f3pez, secretario de Educaci\u00f3n en el estado, se reuni\u00f3 con autoridades en la Uni\u00f3n Americana que coordinan el PROBEM, <\/p>\n","protected":false},"author":1,"featured_media":13904,"comment_status":"open","ping_status":"open","sticky":false,"template":"","format":"standard","meta":{"footnotes":""},"categories":[14,3],"tags":[],"class_list":["post-13903","post","type-post","status-publish","format-standard","has-post-thumbnail","hentry","category-destacadas","category-gobierno-del-estado-de-michoacan"],"_links":{"self":[{"href":"https:\/\/radiowebmx.com\/nota\/wp-json\/wp\/v2\/posts\/13903","targetHints":{"allow":["GET"]}}],"collection":[{"href":"https:\/\/radiowebmx.com\/nota\/wp-json\/wp\/v2\/posts"}],"about":[{"href":"https:\/\/radiowebmx.com\/nota\/wp-json\/wp\/v2\/types\/post"}],"author":[{"embeddable":true,"href":"https:\/\/radiowebmx.com\/nota\/wp-json\/wp\/v2\/users\/1"}],"replies":[{"embeddable":true,"href":"https:\/\/radiowebmx.com\/nota\/wp-json\/wp\/v2\/comments?post=13903"}],"version-history":[{"count":2,"href":"https:\/\/radiowebmx.com\/nota\/wp-json\/wp\/v2\/posts\/13903\/revisions"}],"predecessor-version":[{"id":13906,"href":"https:\/\/radiowebmx.com\/nota\/wp-json\/wp\/v2\/posts\/13903\/revisions\/13906"}],"wp:featuredmedia":[{"embeddable":true,"href":"https:\/\/radiowebmx.com\/nota\/wp-json\/wp\/v2\/media\/13904"}],"wp:attachment":[{"href":"https:\/\/radiowebmx.com\/nota\/wp-json\/wp\/v2\/media?parent=13903"}],"wp:term":[{"taxonomy":"category","embeddable":true,"href":"https:\/\/radiowebmx.com\/nota\/wp-json\/wp\/v2\/categories?post=13903"},{"taxonomy":"post_tag","embeddable":true,"href":"https:\/\/radiowebmx.com\/nota\/wp-json\/wp\/v2\/tags?post=13903"}],"curies":[{"name":"wp","href":"https:\/\/api.w.org\/{rel}","templated":true}]}}