{"id":13897,"date":"2015-03-13T12:59:18","date_gmt":"2015-03-13T18:59:18","guid":{"rendered":"https:\/\/radiowebmx.com\/nota\/?p=13897"},"modified":"2015-03-13T12:59:18","modified_gmt":"2015-03-13T18:59:18","slug":"sepsol-trabaja-de-cerca-con-los-municipios","status":"publish","type":"post","link":"https:\/\/radiowebmx.com\/nota\/sepsol-trabaja-de-cerca-con-los-municipios\/","title":{"rendered":"SEPSOL TRABAJA DE CERCA CON LOS MUNICIPIOS"},"content":{"rendered":"<p>La Secretar\u00eda de Pol\u00edtica Social (Sepsol) despleg\u00f3 una serie de acciones en Artega, en donde el titular de la dependencia, Horacio Guillermo D\u00edaz Mora, sostuvo una reuni\u00f3n con el alcalde de dicho municipio, Jos\u00e9 Garc\u00eda Cuevas, con el fin de fortalecer la coordinaci\u00f3n entre ambos niveles de gobierno.<\/p>\n<p>El funcionario hizo entrega de reconocimientos a las y los servidores p\u00fablicos municipales que participaron en la conferencia magistral \u00a0\u201cMarco Jur\u00eddico de la Cultura de la Igualdad y Participaci\u00f3n Ciudadana\u201d, a la que asistieron 60 trabajadores\/as\u00a0 del ayuntamiento de Arteaga, la cual fue impartida por el director de Participaci\u00f3n Social de la Sepsol, Gerardo Herrera P\u00e9rez.<\/p>\n<p>Al respecto Horacio D\u00edaz afirm\u00f3 que para la secretar\u00eda a su cargo es importante avanzar en la inclusi\u00f3n de los grupos menos favorecidos, no solo de manera econ\u00f3mica, sino ir cerrando brecha en materia de diferencia de trato social, \u201cque nos ayude a construir condiciones duraderas de bienestar general que coadyuven al fortalecimiento de la cohesi\u00f3n social\u201d.<\/p>\n<p>Manifest\u00f3 el inter\u00e9s de la Sepsol de trabajar de manera muy cercana con los municipios, sostuvo que para el gobernador, Salvador Jara Guerrero, es fundamental el trabajo coordinado que permita potenciar recursos en beneficio de los michoacanos.<\/p>\n<p>Por su parte, el alcalde de Arteaga, Jos\u00e9 Garc\u00eda Cuevas, agradeci\u00f3 las acciones desplegadas en el ayuntamiento y extern\u00f3 la disposici\u00f3n de continuar trabajando con la Sepsol. \u201cQue bueno que no s\u00f3lo los apoyos f\u00edsicos lleguen aqu\u00ed, traer educaci\u00f3n y cultura tambi\u00e9n es importante, esperamos su visita m\u00e1s seguido\u201d.<\/p>\n<p>Posteriormente, en el marco de la conmemoraci\u00f3n del XX Aniversario del Centro Regional de Educaci\u00f3n Normal de Arteaga, el secretario de Pol\u00edtica Social, Guillermo D\u00edaz, hizo entrega de reconocimientos a estudiantes que participaron en cuatro talleres sobre Cultura de la Paz y Seguridad con Participaci\u00f3n Social, ah\u00ed mencion\u00f3 que desde su llegada a la dependencia se inici\u00f3 un trabajo conjunto entre las oficinas centrales y las diez delegaciones que instrumentan la pol\u00edtica social en Michoac\u00e1n.<\/p>\n<p>\u201cCon ellos venimos trabajando en desarrollar acciones para fortalecer la convivencia entre los diferentes grupos sociales con la finalidad de impulsar una mejor forma de respetar, de incluir, de evitar discriminar y crecer en el desarrollo humano\u201d.<\/p>\n<p>Por su parte, el director de la instituci\u00f3n educativa, Melchor Soto Ram\u00edrez, agradeci\u00f3 las actividades desarrolladas por la Sepsol, tras referir que ser\u00e1n de beneficio para la comunidad estudiantil y solicit\u00f3 que se contin\u00fae otorgando este tipo de apoyos.<\/p>\n<p>Durante su visita al municipio de la regi\u00f3n Sierra-Costa, el secretario de Pol\u00edtica Social, Horacio D\u00edaz, acompa\u00f1ado \u00a0por el subdirector de la secundaria General \u201cJos\u00e9 Vasconcelos\u201d, Arturo Torres Trejo, hizo una visita a la instancia educativa, en donde escuch\u00f3 las principales necesidades por parte de los profesores y reconoci\u00f3 la labor que realizan en beneficio de las nuevas generaciones.<\/p>\n<p>En ese sentido, el funcionario se\u00f1al\u00f3 que las peticiones ser\u00e1n analizadas y se apoyar\u00e1 en la medida de lo posible. Cabe mencionar que en dicha secundaria, la Sepsol en d\u00edas anteriores realiz\u00f3 la conferencia \u201cLa participaci\u00f3n social en el acto educativo\u201d en la que participaron alrededor de 240 estudiantes.<\/p>\n<p>Ambas instituciones hicieron entrega de un reconocimiento a la secretar\u00eda por las acciones realizadas.<\/p>\n<p>Durante las actividades desarrolladas, el secretario estuvo acompa\u00f1ado por el Enlace Regional de la Sepsol en esta zona del estado, V\u00edctor Zacar\u00edas Garnica\u00a0 Bravo y por el director de Participaci\u00f3n Social de la misma dependencia, Gerardo Herrera P\u00e9rez.<\/p>\n","protected":false},"excerpt":{"rendered":"<p>La Secretar\u00eda de Pol\u00edtica Social (Sepsol) despleg\u00f3 una serie de acciones en Artega, en donde el titular de la dependencia, Horacio Guillermo D\u00edaz Mora, sostuvo una reuni\u00f3n con el alcalde de dicho municipio, Jos\u00e9 Garc\u00eda Cuevas, con el fin de fortalecer la coordinaci\u00f3n entre ambos niveles de gobierno.<\/p>\n","protected":false},"author":1,"featured_media":13898,"comment_status":"open","ping_status":"open","sticky":false,"template":"","format":"standard","meta":{"footnotes":""},"categories":[14,3],"tags":[],"class_list":["post-13897","post","type-post","status-publish","format-standard","has-post-thumbnail","hentry","category-destacadas","category-gobierno-del-estado-de-michoacan"],"_links":{"self":[{"href":"https:\/\/radiowebmx.com\/nota\/wp-json\/wp\/v2\/posts\/13897","targetHints":{"allow":["GET"]}}],"collection":[{"href":"https:\/\/radiowebmx.com\/nota\/wp-json\/wp\/v2\/posts"}],"about":[{"href":"https:\/\/radiowebmx.com\/nota\/wp-json\/wp\/v2\/types\/post"}],"author":[{"embeddable":true,"href":"https:\/\/radiowebmx.com\/nota\/wp-json\/wp\/v2\/users\/1"}],"replies":[{"embeddable":true,"href":"https:\/\/radiowebmx.com\/nota\/wp-json\/wp\/v2\/comments?post=13897"}],"version-history":[{"count":1,"href":"https:\/\/radiowebmx.com\/nota\/wp-json\/wp\/v2\/posts\/13897\/revisions"}],"predecessor-version":[{"id":13899,"href":"https:\/\/radiowebmx.com\/nota\/wp-json\/wp\/v2\/posts\/13897\/revisions\/13899"}],"wp:featuredmedia":[{"embeddable":true,"href":"https:\/\/radiowebmx.com\/nota\/wp-json\/wp\/v2\/media\/13898"}],"wp:attachment":[{"href":"https:\/\/radiowebmx.com\/nota\/wp-json\/wp\/v2\/media?parent=13897"}],"wp:term":[{"taxonomy":"category","embeddable":true,"href":"https:\/\/radiowebmx.com\/nota\/wp-json\/wp\/v2\/categories?post=13897"},{"taxonomy":"post_tag","embeddable":true,"href":"https:\/\/radiowebmx.com\/nota\/wp-json\/wp\/v2\/tags?post=13897"}],"curies":[{"name":"wp","href":"https:\/\/api.w.org\/{rel}","templated":true}]}}