{"id":13888,"date":"2015-03-13T12:48:10","date_gmt":"2015-03-13T18:48:10","guid":{"rendered":"https:\/\/radiowebmx.com\/nota\/?p=13888"},"modified":"2015-03-13T12:48:10","modified_gmt":"2015-03-13T18:48:10","slug":"participa-ayuntamiento-en-toma-de-protesta-de-nueva-mesa-directiva-de-coparmex","status":"publish","type":"post","link":"https:\/\/radiowebmx.com\/nota\/participa-ayuntamiento-en-toma-de-protesta-de-nueva-mesa-directiva-de-coparmex\/","title":{"rendered":"Participa Ayuntamiento en toma de protesta de nueva mesa directiva de Coparmex"},"content":{"rendered":"<p>El s\u00edndico de Morelia, Salvador Abud Mirabent, fue testigo de la toma protesta de la nueva mesa directiva del Consejo Coparmex Michoac\u00e1n para el periodo 2015-2016 presidida por Eduardo S\u00e1nchez Mart\u00ednez, celebrada este jueves en la capital michoacana.<\/p>\n<p>&nbsp;<\/p>\n<p>Con la presencia del Gobernador del estado, Salvador Jara Guerrero, y empresarios locales agremiados a la Confederaci\u00f3n Patronal de la Rep\u00fablica Mexicana (Coparmex), Abud Mirabent form\u00f3 parte del pres\u00eddium que constat\u00f3 el inicio de una etapa de trabajo de este organismo productivo, mismo que adem\u00e1s, desarroll\u00f3 su LV Asamblea General Ordinaria esta ma\u00f1ana.<\/p>\n<p>&nbsp;<\/p>\n<p>En su mensaje el nuevo presidente de la confederaci\u00f3n patronal, hizo un llamado a la sociedad y el sector productivo a ser\u00a0 part\u00edcipes de la nueva oportunidad que Michoac\u00e1n tendr\u00e1 con el inicio de una nueva administraci\u00f3n en los poderes legislativos y de los gobiernos estatal y municipal.<\/p>\n<p>&nbsp;<\/p>\n<p>Present\u00f3 adem\u00e1s las propuestas que la Coparmex Michoac\u00e1n considera necesarias aplicar para seguir impulsando el empleo y el desarrollo en la entidad.<\/p>\n","protected":false},"excerpt":{"rendered":"<p>El s\u00edndico de Morelia, Salvador Abud Mirabent, fue testigo de la toma protesta de la nueva mesa directiva del Consejo Coparmex Michoac\u00e1n para el periodo 2015-2016 presidida por Eduardo S\u00e1nchez Mart\u00ednez, celebrada este jueves en la capital michoacana.<\/p>\n","protected":false},"author":1,"featured_media":13889,"comment_status":"open","ping_status":"open","sticky":false,"template":"","format":"standard","meta":{"footnotes":""},"categories":[14,9],"tags":[],"class_list":["post-13888","post","type-post","status-publish","format-standard","has-post-thumbnail","hentry","category-destacadas","category-morelia"],"_links":{"self":[{"href":"https:\/\/radiowebmx.com\/nota\/wp-json\/wp\/v2\/posts\/13888","targetHints":{"allow":["GET"]}}],"collection":[{"href":"https:\/\/radiowebmx.com\/nota\/wp-json\/wp\/v2\/posts"}],"about":[{"href":"https:\/\/radiowebmx.com\/nota\/wp-json\/wp\/v2\/types\/post"}],"author":[{"embeddable":true,"href":"https:\/\/radiowebmx.com\/nota\/wp-json\/wp\/v2\/users\/1"}],"replies":[{"embeddable":true,"href":"https:\/\/radiowebmx.com\/nota\/wp-json\/wp\/v2\/comments?post=13888"}],"version-history":[{"count":1,"href":"https:\/\/radiowebmx.com\/nota\/wp-json\/wp\/v2\/posts\/13888\/revisions"}],"predecessor-version":[{"id":13890,"href":"https:\/\/radiowebmx.com\/nota\/wp-json\/wp\/v2\/posts\/13888\/revisions\/13890"}],"wp:featuredmedia":[{"embeddable":true,"href":"https:\/\/radiowebmx.com\/nota\/wp-json\/wp\/v2\/media\/13889"}],"wp:attachment":[{"href":"https:\/\/radiowebmx.com\/nota\/wp-json\/wp\/v2\/media?parent=13888"}],"wp:term":[{"taxonomy":"category","embeddable":true,"href":"https:\/\/radiowebmx.com\/nota\/wp-json\/wp\/v2\/categories?post=13888"},{"taxonomy":"post_tag","embeddable":true,"href":"https:\/\/radiowebmx.com\/nota\/wp-json\/wp\/v2\/tags?post=13888"}],"curies":[{"name":"wp","href":"https:\/\/api.w.org\/{rel}","templated":true}]}}