{"id":13871,"date":"2015-03-12T11:51:48","date_gmt":"2015-03-12T17:51:48","guid":{"rendered":"https:\/\/radiowebmx.com\/nota\/?p=13871"},"modified":"2015-03-12T11:51:48","modified_gmt":"2015-03-12T17:51:48","slug":"anuncian-detalles-de-la-novena-feria-del-pescado-cuitzeo-2015","status":"publish","type":"post","link":"https:\/\/radiowebmx.com\/nota\/anuncian-detalles-de-la-novena-feria-del-pescado-cuitzeo-2015\/","title":{"rendered":"ANUNCIAN DETALLES DE LA NOVENA FERIA DEL PESCADO CUITZEO 2015"},"content":{"rendered":"<p>En el a\u00f1o de\u00a0 2006 se realiz\u00f3 la primer Feria del Pescado, con el objetivo de difundir el producto del lago de Cuitzeo. Este 14 de marzo, se realizar\u00e1 la Novena Feria del Pescado en Mariano Escobedo, municipio de Cuitzeo Michoac\u00e1n, anunciaron Nancy Ang\u00e9lica Vallejo Garc\u00eda, directora general de la Comisi\u00f3n de Ferias, Exposiciones y Eventos del Estado de Michoac\u00e1n (Cofeeem) y autoridades municipales, en conferencia de prensa.<\/p>\n<p>Alfonso L\u00f3pez Alejo, presidente municipal de Cuitzeo, indic\u00f3 que esta es una de las tradicionales ferias del municipio, la m\u00e1xima fiesta de los pescadores y donde se recibe al visitante con la calidez que distingue a las personas de la comunidad, adem\u00e1s de que se convive en un ambiente cien por ciento familiar en una fiesta colorida donde hay tradici\u00f3n, artesan\u00edas, folklor, m\u00fasica y por supuesto la exquisita y variada gastronom\u00eda.<\/p>\n<p>Por su parte, Blanca Cielo Margarita Corona Vizca\u00edno, directora de \u00c1rea de la Subdelegaci\u00f3n de Pesca Conapesca-Sagarpa, se\u00f1al\u00f3 que m\u00e1s que buscar una derrama econ\u00f3mica, el objetivo es dar a conocer la gastronom\u00eda de la comunidad donde se venden platillos a muy bajo costo.<\/p>\n<p>Destac\u00f3 que el 90 por ciento de la poblaci\u00f3n son pescadores y las esposas de los mismos ayudan a la econom\u00eda familiar, adem\u00e1s mencion\u00f3 que las especies con m\u00e1s demanda son el charare amarillo, la rana y la tilapia, ya que son especies muy conocidas y sabrosas propias del lago de Cuitzeo.<\/p>\n<p>El director de Cultura del Ayuntamiento de Cuitzeo,\u00a0 Adalberto\u00a0 L\u00e1zaro L\u00f3pez inform\u00f3 que este a\u00f1o habr\u00e1 grandes sorpresas, entre las que destacan los concursos de toritos de petate, las mojigangas y la tradicional verbena por la noche. Invit\u00f3 a todos a visitar esta Novena Feria del Pescado, ya que se encuentra a unos minutos de la capital michoacana.<\/p>\n","protected":false},"excerpt":{"rendered":"<p>En el a\u00f1o de  2006 se realiz\u00f3 la primer Feria del Pescado, con el objetivo de difundir el producto del lago de Cuitzeo. Este 14 de marzo, se realizar\u00e1 la Novena Feria del Pescado en Mariano Escobedo, municipio de Cuitzeo Michoac\u00e1n, anunciaron Nancy Ang\u00e9lica Vallejo Garc\u00eda, <\/p>\n","protected":false},"author":1,"featured_media":13872,"comment_status":"open","ping_status":"open","sticky":false,"template":"","format":"standard","meta":{"footnotes":""},"categories":[14,3],"tags":[],"class_list":["post-13871","post","type-post","status-publish","format-standard","has-post-thumbnail","hentry","category-destacadas","category-gobierno-del-estado-de-michoacan"],"_links":{"self":[{"href":"https:\/\/radiowebmx.com\/nota\/wp-json\/wp\/v2\/posts\/13871","targetHints":{"allow":["GET"]}}],"collection":[{"href":"https:\/\/radiowebmx.com\/nota\/wp-json\/wp\/v2\/posts"}],"about":[{"href":"https:\/\/radiowebmx.com\/nota\/wp-json\/wp\/v2\/types\/post"}],"author":[{"embeddable":true,"href":"https:\/\/radiowebmx.com\/nota\/wp-json\/wp\/v2\/users\/1"}],"replies":[{"embeddable":true,"href":"https:\/\/radiowebmx.com\/nota\/wp-json\/wp\/v2\/comments?post=13871"}],"version-history":[{"count":2,"href":"https:\/\/radiowebmx.com\/nota\/wp-json\/wp\/v2\/posts\/13871\/revisions"}],"predecessor-version":[{"id":13874,"href":"https:\/\/radiowebmx.com\/nota\/wp-json\/wp\/v2\/posts\/13871\/revisions\/13874"}],"wp:featuredmedia":[{"embeddable":true,"href":"https:\/\/radiowebmx.com\/nota\/wp-json\/wp\/v2\/media\/13872"}],"wp:attachment":[{"href":"https:\/\/radiowebmx.com\/nota\/wp-json\/wp\/v2\/media?parent=13871"}],"wp:term":[{"taxonomy":"category","embeddable":true,"href":"https:\/\/radiowebmx.com\/nota\/wp-json\/wp\/v2\/categories?post=13871"},{"taxonomy":"post_tag","embeddable":true,"href":"https:\/\/radiowebmx.com\/nota\/wp-json\/wp\/v2\/tags?post=13871"}],"curies":[{"name":"wp","href":"https:\/\/api.w.org\/{rel}","templated":true}]}}