{"id":13861,"date":"2015-03-12T11:23:22","date_gmt":"2015-03-12T17:23:22","guid":{"rendered":"https:\/\/radiowebmx.com\/nota\/?p=13861"},"modified":"2015-03-12T11:23:22","modified_gmt":"2015-03-12T17:23:22","slug":"imde-presento-carrera-atletica-el-reto","status":"publish","type":"post","link":"https:\/\/radiowebmx.com\/nota\/imde-presento-carrera-atletica-el-reto\/","title":{"rendered":"IMDE PRESENT\u00d3 CARRERA ATL\u00c9TICA \u201cEL RETO\u201d"},"content":{"rendered":"<p>Con la intenci\u00f3n de promover el deporte entre la sociedad moreliana, representantes independientes del \u201cReto YOR Best Body\u201d, en una Suma de Voluntades con el Instituto Municipal de Cultura F\u00edsica y Deporte (IMDE) presentaron la carrera atl\u00e9tica \u201cEl Reto\u201d, de 5 y 10 kil\u00f3metros, que se realizar\u00e1 el pr\u00f3ximo domingo 22 de marzo, con una bolsa a repartir de 11 mil pesos en efectivo.<\/p>\n<p>&nbsp;<\/p>\n<p>La subdirectora operativa del IMDE, Paulina Flores, y Francisco Romero, organizador de la competencia, informaron que el trayecto de 5 kil\u00f3metros comenzar\u00e1 a las 08:00 horas, frente a Catedral, y recorrer\u00e1 las avenidas Madero y Acueducto, hasta las inmediaciones del Centro Deportivo Ej\u00e9rcito de la Revoluci\u00f3n (CDER), para retornar al punto de arranque.<\/p>\n<p>&nbsp;<\/p>\n<p>En el caso de los 10 kil\u00f3metros, la ruta incluye las vialidades mencionadas y se prolongar\u00e1 a la avenida Enrique Ram\u00edrez; finalmente, los corredores volver\u00e1n al Centro Hist\u00f3rico, donde seguir\u00e1n hasta el templo de La Merced, dar\u00e1n vuelta y finalmente arribar\u00e1n al punto de partida.<\/p>\n<p>&nbsp;<\/p>\n<p>\u201cAgradecemos el formar parte de esta carrera, con la iniciativa de apoyar la activaci\u00f3n f\u00edsica de la sociedad moreliana, lo cual es una de las prioridades del IMDE, para generar una ciudad sana\u201d, mencion\u00f3 Paulina Flores.<\/p>\n<p>&nbsp;<\/p>\n<p>\u201cEl Reto es una plataforma que conoc\u00ed en Monterrey, cuando unos empresarios la trajeron de Estados Unidos, la cual busca ayudar a las personas a lograr sus metas. Iniciamos ahora la parte f\u00edsica con esta carrera; adem\u00e1s, tenemos un sistema de contacto para dar seguimiento a las personas y no se pierdan en su proceso. La carrea no es s\u00f3lo para el ganador, sino para todos los que quieran un cambio positivo en su vida. Si en M\u00e9xico se aplicara m\u00e1s esta cultura, se podr\u00eda hacer mucho m\u00e1s con la gente\u201d, asegur\u00f3 Francisco Romero.<\/p>\n<p>&nbsp;<\/p>\n<p>Las categor\u00edas a participar son: Libre (hasta 39 a\u00f1os) y M\u00e1ster (40 a\u00f1os en adelante), en ramas varonil y femenil,\u00a0\u00a0adem\u00e1s de una especial para las personas que utilizan este tipo de productos.<\/p>\n<p>&nbsp;<\/p>\n<p>La justa deportiva repartir\u00e1 una bolsa de premios en efectivo de 11 mil pesos, entre los ganadores de cada una de las categor\u00edas, as\u00ed como a los subcampeones, a excepci\u00f3n de los inscritos como denominados retadores; adem\u00e1s, se otorgar\u00e1n kits de regalos a los tres primeros lugares.<\/p>\n<p>&nbsp;<\/p>\n<p>Las inscripciones para participar en la carrera, tienen un costo de 200 pesos y se pueden realizar en establecimientos como Sport Palace y Runners Morelia, hasta el d\u00eda viernes 20 de marzo.<\/p>\n","protected":false},"excerpt":{"rendered":"<p>Con la intenci\u00f3n de promover el deporte entre la sociedad moreliana, representantes independientes del \u201cReto YOR Best Body\u201d, en una Suma de Voluntades con el Instituto Municipal de Cultura F\u00edsica y Deporte (IMDE) presentaron la carrera atl\u00e9tica \u201cEl Reto\u201d<\/p>\n","protected":false},"author":1,"featured_media":13862,"comment_status":"open","ping_status":"open","sticky":false,"template":"","format":"standard","meta":{"footnotes":""},"categories":[14,9],"tags":[],"class_list":["post-13861","post","type-post","status-publish","format-standard","has-post-thumbnail","hentry","category-destacadas","category-morelia"],"_links":{"self":[{"href":"https:\/\/radiowebmx.com\/nota\/wp-json\/wp\/v2\/posts\/13861","targetHints":{"allow":["GET"]}}],"collection":[{"href":"https:\/\/radiowebmx.com\/nota\/wp-json\/wp\/v2\/posts"}],"about":[{"href":"https:\/\/radiowebmx.com\/nota\/wp-json\/wp\/v2\/types\/post"}],"author":[{"embeddable":true,"href":"https:\/\/radiowebmx.com\/nota\/wp-json\/wp\/v2\/users\/1"}],"replies":[{"embeddable":true,"href":"https:\/\/radiowebmx.com\/nota\/wp-json\/wp\/v2\/comments?post=13861"}],"version-history":[{"count":1,"href":"https:\/\/radiowebmx.com\/nota\/wp-json\/wp\/v2\/posts\/13861\/revisions"}],"predecessor-version":[{"id":13863,"href":"https:\/\/radiowebmx.com\/nota\/wp-json\/wp\/v2\/posts\/13861\/revisions\/13863"}],"wp:featuredmedia":[{"embeddable":true,"href":"https:\/\/radiowebmx.com\/nota\/wp-json\/wp\/v2\/media\/13862"}],"wp:attachment":[{"href":"https:\/\/radiowebmx.com\/nota\/wp-json\/wp\/v2\/media?parent=13861"}],"wp:term":[{"taxonomy":"category","embeddable":true,"href":"https:\/\/radiowebmx.com\/nota\/wp-json\/wp\/v2\/categories?post=13861"},{"taxonomy":"post_tag","embeddable":true,"href":"https:\/\/radiowebmx.com\/nota\/wp-json\/wp\/v2\/tags?post=13861"}],"curies":[{"name":"wp","href":"https:\/\/api.w.org\/{rel}","templated":true}]}}