{"id":13854,"date":"2015-03-12T11:14:40","date_gmt":"2015-03-12T17:14:40","guid":{"rendered":"https:\/\/radiowebmx.com\/nota\/?p=13854"},"modified":"2015-03-12T11:14:40","modified_gmt":"2015-03-12T17:14:40","slug":"morelia-de-los-mejores-municipios-con-agenda-municipal-de-desarrollo-en-michoacan","status":"publish","type":"post","link":"https:\/\/radiowebmx.com\/nota\/morelia-de-los-mejores-municipios-con-agenda-municipal-de-desarrollo-en-michoacan\/","title":{"rendered":"MORELIA,  DE LOS MEJORES MUNICIPIOS CON AGENDA MUNICIPAL DE DESARROLLO EN MICHOAC\u00c1N"},"content":{"rendered":"<p>Por sus avances en la transformaci\u00f3n y por cumplir con todos los indicadores de desempe\u00f1o \u201cen verde\u201d, marcados en la Agenda para el Desarrollo Municipal, el Ayuntamiento de Morelia recibi\u00f3 un reconocimiento de parte del Gobierno de la Rep\u00fablica y del Instituto Nacional para el Federalismo y Desarrollo Municipal (Inafed).<\/p>\n<p>&nbsp;<\/p>\n<p>El secretario del Ayuntamiento, Alberto Su\u00e1rez Castillo, recibi\u00f3 de manos de Guillermo de la Torre Sifuentes, director general adjunto de Fomento y Desarrollo del Federalismo del Inafed, y de Jaime Mares Camarena, vocal del Centro Estatal para el Desarrollo Municipal, el reconocimiento que destaca a Morelia junto con Par\u00e1cuaro e Hidalgo,\u00a0 como los tres \u00fanicos municipios michoacanos que cubrieron todos los indicadores calificados para obtener el certificado de municipio con Buen Gobierno.<\/p>\n<p>&nbsp;<\/p>\n<p>Los municipios fueron galardonados, por atreverse a participar en otros indicadores donde se verifica su coordinaci\u00f3n con el gobierno estatal y la federaci\u00f3n, logrando las mejores calificaciones.<\/p>\n<p>&nbsp;<\/p>\n<p>Con la presencia de presidentes municipales y representantes de los 113 Ayuntamientos de Michoac\u00e1n, Su\u00e1rez Castillo dio la bienvenida en el evento protocolario de entrega de reconocimientos e inicio del taller de capacitaci\u00f3n para la Agenda para el Desarrollo Municipal 2015, en el que, entre otros temas, se abordar\u00e1\u00a0 el desarrollo y mec\u00e1nica que deber\u00e1n cubrir en la entrega-recepci\u00f3n que todos los municipios michoacanos sufrir\u00e1n este 2015.<\/p>\n<p>&nbsp;<\/p>\n<p>En nombre del gobierno municipal de Morelia resalt\u00f3 este evento como de gran importancia para el municipalismo, sobre todo, hizo \u00e9nfasis en que permite hacer un alto en el camino para subrayar y reconocer los esfuerzos del Gobierno del Estado y los Ayuntamientos por promover e incorporar la Agenda para el Desarrollo Municipal.<\/p>\n<p>&nbsp;<\/p>\n<p>Adem\u00e1s, porque la capacitaci\u00f3n que se impartir\u00e1 surge como respuesta a las necesidades de actualizar el programa, la mec\u00e1nica de operaci\u00f3n de los indicadores de desempe\u00f1o y la entrega de material correspondiente al ejercicio 2015, esto permitir\u00e1 a los gobiernos municipales realizar un autodiagn\u00f3stico y el dise\u00f1o de su Plan de Mejora.<\/p>\n<p>&nbsp;<\/p>\n<p>El secretario del Ayuntamiento de Morelia\u00a0 asegur\u00f3 que no obstante de estar cerca el t\u00e9rmino del mandato constitucional municipal, se seguir\u00e1 trabajando con optimismo y confianza de que habr\u00e1 continuidad a la Agenda para el Desarrollo Municipal, as\u00ed\u00a0 como se continuar\u00e1 mejorando la administraci\u00f3n p\u00fablica municipal.<\/p>\n","protected":false},"excerpt":{"rendered":"<p> Por sus avances en la transformaci\u00f3n y por cumplir con todos los indicadores de desempe\u00f1o \u201cen verde\u201d, marcados en la Agenda para el Desarrollo Municipal, el Ayuntamiento de Morelia recibi\u00f3 un reconocimiento de parte del Gobierno de la Rep\u00fablica y del Inafed.<\/p>\n","protected":false},"author":1,"featured_media":13855,"comment_status":"open","ping_status":"open","sticky":false,"template":"","format":"standard","meta":{"footnotes":""},"categories":[14,9],"tags":[],"class_list":["post-13854","post","type-post","status-publish","format-standard","has-post-thumbnail","hentry","category-destacadas","category-morelia"],"_links":{"self":[{"href":"https:\/\/radiowebmx.com\/nota\/wp-json\/wp\/v2\/posts\/13854","targetHints":{"allow":["GET"]}}],"collection":[{"href":"https:\/\/radiowebmx.com\/nota\/wp-json\/wp\/v2\/posts"}],"about":[{"href":"https:\/\/radiowebmx.com\/nota\/wp-json\/wp\/v2\/types\/post"}],"author":[{"embeddable":true,"href":"https:\/\/radiowebmx.com\/nota\/wp-json\/wp\/v2\/users\/1"}],"replies":[{"embeddable":true,"href":"https:\/\/radiowebmx.com\/nota\/wp-json\/wp\/v2\/comments?post=13854"}],"version-history":[{"count":2,"href":"https:\/\/radiowebmx.com\/nota\/wp-json\/wp\/v2\/posts\/13854\/revisions"}],"predecessor-version":[{"id":13857,"href":"https:\/\/radiowebmx.com\/nota\/wp-json\/wp\/v2\/posts\/13854\/revisions\/13857"}],"wp:featuredmedia":[{"embeddable":true,"href":"https:\/\/radiowebmx.com\/nota\/wp-json\/wp\/v2\/media\/13855"}],"wp:attachment":[{"href":"https:\/\/radiowebmx.com\/nota\/wp-json\/wp\/v2\/media?parent=13854"}],"wp:term":[{"taxonomy":"category","embeddable":true,"href":"https:\/\/radiowebmx.com\/nota\/wp-json\/wp\/v2\/categories?post=13854"},{"taxonomy":"post_tag","embeddable":true,"href":"https:\/\/radiowebmx.com\/nota\/wp-json\/wp\/v2\/tags?post=13854"}],"curies":[{"name":"wp","href":"https:\/\/api.w.org\/{rel}","templated":true}]}}