{"id":13840,"date":"2015-03-11T13:12:04","date_gmt":"2015-03-11T19:12:04","guid":{"rendered":"https:\/\/radiowebmx.com\/nota\/?p=13840"},"modified":"2015-03-11T13:12:04","modified_gmt":"2015-03-11T19:12:04","slug":"union-para-enfrentar-los-retos-de-michoacan-diaz-mora","status":"publish","type":"post","link":"https:\/\/radiowebmx.com\/nota\/union-para-enfrentar-los-retos-de-michoacan-diaz-mora\/","title":{"rendered":"UNI\u00d3N PARA ENFRENTAR LOS RETOS DE MICHOAC\u00c1N: D\u00cdAZ MORA"},"content":{"rendered":"<p>El secretario de Pol\u00edtica Social, Horacio Guillermo D\u00edaz Mora, se\u00f1al\u00f3 que ante los retos que enfrenta Michoac\u00e1n, la uni\u00f3n de los distintos \u00f3rdenes de gobierno es necesaria para dar los resultados que la ciudadan\u00eda demanda.<\/p>\n<p>&nbsp;<\/p>\n<p>Con la representaci\u00f3n del gobernador del estado, Salvador Jara Guerrero, el funcionario asisti\u00f3 a la entrega de tarjetas del Programa de Abasto Social de Leche en el municipio de Maravat\u00edo.<\/p>\n<p>&nbsp;<\/p>\n<p>Acompa\u00f1ado por el gerente de Liconsa en la entidad, Ger\u00f3nimo Color Gasca, D\u00edaz Mora, reconoci\u00f3 el apoyo que el presidente de la Rep\u00fablica, Enrique Pe\u00f1a Nieto ha brindado a Michoac\u00e1n, muestra de ello dijo, son programas como Prospera, Seguro de Vida para Jefas de Familia, la Cruzanda Sin Hambre, entre otras acciones que han mejorado la vida de miles de mexicanos.<\/p>\n<p>&nbsp;<\/p>\n<p>\u201cNos da mucho gusto estar en Maravat\u00edo haciendo entrega de estas tarjetas a beneficiarios de Liconsa, lo que se traduce en mejores niveles de nutrici\u00f3n para las familias, por lo que felicitamos el trabajo que esta dependencia ha realizado en la geograf\u00eda estatal\u201d, indic\u00f3.<\/p>\n<p>En su turno, el gerente de Liconsa en Michoac\u00e1n, Ger\u00f3nimo Color, precis\u00f3 que en Maravat\u00edo un total de mil 525 personas son beneficiarias con dicho programa, quienes cuentan con leche de calidad.<\/p>\n<p>Durante la entrega de tarjetas, se instal\u00f3 un m\u00f3dulo del Programa\u00a0 Seguro de Vida para Jefas de Familia, por lo que el funcionario invit\u00f3 a las asistentes a que se afilien. Agreg\u00f3 que este y otros apoyos forman parte de la pol\u00edtica social de nueva generaci\u00f3n del Presidente, Enrique Pe\u00f1a Nieto.<\/p>\n<p>Por su parte, el encargado del despacho de la presidencia municipal de Maravat\u00edo, Jos\u00e9 Patricio Zamudio S\u00e1nchez, agradeci\u00f3 a la Federaci\u00f3n las acciones y programas que se han implementado en su ayuntamiento.<\/p>\n<p>Durante el evento tambi\u00e9n estuvo presente el subdelegado de Desarrollo Social y Humano de la delegaci\u00f3n estatal de la Secretar\u00eda de Desarrollo Social (Sedesol), Luis Gerardo Castillo Maciel.<\/p>\n","protected":false},"excerpt":{"rendered":"<p>El secretario de Pol\u00edtica Social, Horacio Guillermo D\u00edaz Mora, se\u00f1al\u00f3 que ante los retos que enfrenta Michoac\u00e1n, la uni\u00f3n de los distintos \u00f3rdenes de gobierno es necesaria para dar los resultados que la ciudadan\u00eda demanda.<\/p>\n","protected":false},"author":1,"featured_media":13841,"comment_status":"open","ping_status":"open","sticky":false,"template":"","format":"standard","meta":{"footnotes":""},"categories":[14,3],"tags":[],"class_list":["post-13840","post","type-post","status-publish","format-standard","has-post-thumbnail","hentry","category-destacadas","category-gobierno-del-estado-de-michoacan"],"_links":{"self":[{"href":"https:\/\/radiowebmx.com\/nota\/wp-json\/wp\/v2\/posts\/13840","targetHints":{"allow":["GET"]}}],"collection":[{"href":"https:\/\/radiowebmx.com\/nota\/wp-json\/wp\/v2\/posts"}],"about":[{"href":"https:\/\/radiowebmx.com\/nota\/wp-json\/wp\/v2\/types\/post"}],"author":[{"embeddable":true,"href":"https:\/\/radiowebmx.com\/nota\/wp-json\/wp\/v2\/users\/1"}],"replies":[{"embeddable":true,"href":"https:\/\/radiowebmx.com\/nota\/wp-json\/wp\/v2\/comments?post=13840"}],"version-history":[{"count":2,"href":"https:\/\/radiowebmx.com\/nota\/wp-json\/wp\/v2\/posts\/13840\/revisions"}],"predecessor-version":[{"id":13843,"href":"https:\/\/radiowebmx.com\/nota\/wp-json\/wp\/v2\/posts\/13840\/revisions\/13843"}],"wp:featuredmedia":[{"embeddable":true,"href":"https:\/\/radiowebmx.com\/nota\/wp-json\/wp\/v2\/media\/13841"}],"wp:attachment":[{"href":"https:\/\/radiowebmx.com\/nota\/wp-json\/wp\/v2\/media?parent=13840"}],"wp:term":[{"taxonomy":"category","embeddable":true,"href":"https:\/\/radiowebmx.com\/nota\/wp-json\/wp\/v2\/categories?post=13840"},{"taxonomy":"post_tag","embeddable":true,"href":"https:\/\/radiowebmx.com\/nota\/wp-json\/wp\/v2\/tags?post=13840"}],"curies":[{"name":"wp","href":"https:\/\/api.w.org\/{rel}","templated":true}]}}