{"id":13837,"date":"2015-03-11T13:08:19","date_gmt":"2015-03-11T19:08:19","guid":{"rendered":"https:\/\/radiowebmx.com\/nota\/?p=13837"},"modified":"2015-03-11T13:08:19","modified_gmt":"2015-03-11T19:08:19","slug":"acuerda-grupo-de-coordinacion-michoacan-no-permitir-presencia-de-civiles-armados-al-margen-de-la-ley","status":"publish","type":"post","link":"https:\/\/radiowebmx.com\/nota\/acuerda-grupo-de-coordinacion-michoacan-no-permitir-presencia-de-civiles-armados-al-margen-de-la-ley\/","title":{"rendered":"ACUERDA GRUPO DE COORDINACI\u00d3N MICHOAC\u00c1N NO PERMITIR PRESENCIA DE CIVILES ARMADOS AL MARGEN DE LA LEY"},"content":{"rendered":"<p>La incidencia de delitos de alto impacto ha tenido una reducci\u00f3n significativa en el estado, pero lejos de bajar la guardia, el Grupo de Coordinaci\u00f3n Michoac\u00e1n reforzar\u00e1 sus acciones dirigidas a combatir los delitos del fuero com\u00fan, coincidieron los integrantes de este \u00f3rgano en el foro de consulta ciudadana realizado en esta ciudad porte\u00f1a.<\/p>\n<p>Tambi\u00e9n, durante su cuarta reuni\u00f3n ordinaria de trabajo en la D\u00e9cima Zona Naval, las autoridades federales y estatales determinaron, junto con los mandos militares, que a partir de este d\u00eda los civiles que porten armas al margen de la ley, ser\u00e1n puestos a disposici\u00f3n de las autoridades correspondientes.<\/p>\n<p>Los integrantes del Grupo de Coordinaci\u00f3n Michoac\u00e1n coincidieron en que una vez que ha sido desarticulada la estructura operativa del grupo delictivo hegem\u00f3nico en el estado, los argumentos que motivaron a los civiles a tomar las armas para velar por la seguridad de sus pueblos, han quedado rebasados y no hay sustento que legitime la presencia de ciudadanos armados.<\/p>\n<p>En este foro ciudadano que se llev\u00f3 a cabo en el Tecnol\u00f3gico de L\u00e1zaro C\u00e1rdenas con la participaci\u00f3n de estudiantes, profesionistas, empresarios,\u00a0 l\u00edderes sociales y como invitado especial el alcalde provisional de L\u00e1zaro C\u00e1rdenas, Rogelio Filiberto Ortega Camargo, el Grupo de Coordinaci\u00f3n Michoac\u00e1n acord\u00f3 con representantes de diversos sectores de la sociedad realizar un trabajo conjunto para recuperar y fomentar los valores de la convivencia social desde el seno familiar, el \u00e1mbito educativo y las comunidades.<\/p>\n<p>El gobernador Salvador Jara Guerrero, coincidi\u00f3 en la perspectiva de que la conflictividad social es otro problema en el que sociedad y autoridades deben enfocar su atenci\u00f3n: \u201cuna de las crisis educativas m\u00e1s severas es precisamente la de valores\u201d, se\u00f1al\u00f3 y recalc\u00f3 que dos de los valores fundamentales que se deben recuperar con mayor urgencia es el del respeto a la vida y el del cumplimiento del deber.<\/p>\n<p>Uno de los temas centrales en ambas reuniones presididas por el gobernador Salvador Jara y el mando especial para la seguridad del estado, general Felipe Gurrola Ram\u00edrez, fue el de la percepci\u00f3n que se tiene de Michoac\u00e1n en materia de seguridad; los asistentes coincidieron en que la entidad vive una situaci\u00f3n distinta, ya que los niveles delictivos y de violencia han disminuido, pero esto no se difunde con precisi\u00f3n puesto que nuestro estado sigue teniendo una imagen negativa a nivel nacional, pese a que se encuentra por debajo de la media nacional en \u00edndices delictivos, y figura como la s\u00e9ptima entidad del pa\u00eds con menor tasa de delitos por cada 100 mil habitantes.<\/p>\n<p>El general Gurrola Ram\u00edrez recalc\u00f3 que autoridades y sociedad deben ir de la mano para revertir ese problema de percepci\u00f3n que afecta a la econom\u00eda del estado por el impacto que tiene en la atracci\u00f3n de inversiones y el turismo:\u00a0 \u201cno se trata de decir que estamos bien y que no pasa nada, sino ubicar a Michoac\u00e1n en el lugar que realmente le corresponde y dejar atr\u00e1s las percepciones negativas\u201d, abund\u00f3 al momento de referir que la C\u00e1mara de la Industria de la Radio y la Televisi\u00f3n (CIRT) ofreci\u00f3 impulsar una campa\u00f1a para mejorar la imagen de la entidad.<\/p>\n<p>Apoyado en datos del Sistema Nacional de Seguridad P\u00fablica, el procurador general de Justicia del Estado, Mart\u00edn Godoy Castro, refiri\u00f3 que en la coyuntura en que fue creada la Comisi\u00f3n para la Seguridad y Desarrollo Integral de Michoac\u00e1n, se registraban m\u00e1s de 20 secuestros por mes, pero durante el \u00faltimo semestre del 2014 esa incidencia baj\u00f3 a dos o tres secuestros al mes.<\/p>\n<p>A\u00f1adi\u00f3 que tambi\u00e9n hubo una reducci\u00f3n de 50 por ciento en homicidios, y puntualiz\u00f3 que tras la desarticulaci\u00f3n del grupo de la delincuencia organizada hegem\u00f3nico en Michoac\u00e1n, \u201clos homicidios que hoy conocemos son producto de conflictos en la convivencia social. La responsabilidad del estado es evitar que se formen conductas que hagan del delito una forma de vida; sin embargo, el delito est\u00e1 siendo resultado de una acci\u00f3n de una persona que no tiene los valores y la formaci\u00f3n para no recurrir a la violencia, y eso est\u00e1 presente en muchas personas que integran esta sociedad\u201d.<\/p>\n<p>Josu\u00e9 Ram\u00edrez Santiago, pastor de la Iglesia Evang\u00e9lica, subray\u00f3 a los mandos militares y funcionarios de la federaci\u00f3n y el estado que es muy importante entender que el problema\u00a0 de fondo se encuentra donde se forman distintos liderazgos: el hogar y la escuela, donde se transmiten los principios y los valores. \u201cSi no tenemos un plan espec\u00edfico sobre esta base donde se forman futuros hombres de bien, s\u00f3lo habremos puesto un curita a un asunto que es un c\u00e1ncer\u201d, dijo.<\/p>\n<p>A\u00f1adi\u00f3 que Michoac\u00e1n destaca por ser uno de los estados en el que se han ejecutado mayor n\u00famero de acciones del Programa Nacional para la Prevenci\u00f3n Social de la Violencia y la Delincuencia (Pronapred), que tiene la particularidad de aplicarse no tanto en las zonas con mayor incidencia delictiva, sino en per\u00edmetros donde se forman los delincuentes.<\/p>\n<p>\u201cTodo mundo conoce sus derechos, y los exigen, pero nadie conoce sus obligaciones. A cada derecho corresponde una obligaci\u00f3n; ay\u00fadennos mucho a difundir esos derechos y obligaciones en las familias y comunidades\u201d, abund\u00f3 el gobernador Jara Guerrero despu\u00e9s de informar que el Gobierno del Estado ha puesto en marcha una campa\u00f1a de valores que en breve llegar\u00e1 a diversos municipios de Michoac\u00e1n.<\/p>\n<p>El Grupo de Coordinaci\u00f3n se comprometi\u00f3 con los participantes en el Foro de Consulta, a continuar abriendo canales de comunicaci\u00f3n con la sociedad civil y a revisar lo solicitado por los asistentes para su atenci\u00f3n; los asistentes al di\u00e1logo, entre los que se encontraba Armando Antonio Ortiz, obispo de L\u00e1zaro C\u00e1rdenas,\u00a0 ofrecieron colaborar, a fin de mejorar la percepci\u00f3n en materia de seguridad.<\/p>\n<p>El presidente de la Fundaci\u00f3n para el Desarrollo Integral de Michoac\u00e1n (Fucidim), Roberto Ram\u00edrez Delgado, extern\u00f3 su apoyo a las acciones que realiza el Grupo de Coordinaci\u00f3n, y recalc\u00f3 que estos foros de consulta, as\u00ed como las mesas de seguridad que ser\u00e1n instaladas en diversas regiones de la entidad, y en las que participar\u00e1 la sociedad civil,\u00a0 constituyen espacios id\u00f3neos para conocer el trabajo de las autoridades y establecer compromisos conjuntos, como difundir de forma objetiva la informaci\u00f3n sobre los avances.<\/p>\n<p>A\u00f1adi\u00f3 que es importante la apertura del Grupo de Coordinaci\u00f3n para que los ciudadanos puedan hacer las observaciones y sugerencias que se estimen convenientes, con el prop\u00f3sito de ayudar al fortalecimiento de las instituciones.<\/p>\n<p><b>REUNI\u00d3N ORDINARIA<\/b><\/p>\n<p>Entre los temas tratados en la Cuarta Reuni\u00f3n Ordinaria se analiz\u00f3 el cumplimiento de los acuerdos a que se llegaron en reuniones anteriores, se revisaron avances conseguidos con la estrategia de seguridad y se dio seguimiento a las acciones previstas para asegurar la paz y tranquilidad en la entidad.<\/p>\n<p>El Grupo de Coordinaci\u00f3n Michoac\u00e1n se mantiene al pendiente de que prevalezcan las condiciones de seguridad y estabilidad social para que el proceso electoral se desarrolle sin contratiempos, por ello, nuevamente fueron invitados los titulares del Instituto Electoral de Michoac\u00e1n (IEM) y del Instituto Nacional Electoral (INE), quienes confirmaron que no hay focos rojos en Michoac\u00e1n.<\/p>\n<p>Adem\u00e1s, se comparti\u00f3 con los representantes del IEM e INE informaci\u00f3n sobre los funcionarios de la Procuradur\u00eda General de Justicia (PGJE) y\u00a0 de la delegaci\u00f3n de la Procuradur\u00eda General de la Rep\u00fablica (PGR), quienes a partir de ahora recibir\u00e1n y desahogar\u00e1n las denuncias sobre incidentes que pudieran incidir en el correcto desarrollo del proceso electoral.<\/p>\n<p>En el Foro de Consulta y en la reuni\u00f3n del Grupo de Coordinaci\u00f3n se cont\u00f3 con la presencia del secretario de Gobierno, Jaime Esparza Cortina; el procurador General de Justicia del Estado (PGJE), Mart\u00edn Godoy Castro y el secretario de Seguridad P\u00fablica (SSP), Javier Ocampo Garc\u00eda.<\/p>\n<p>Participaron tambi\u00e9n el General Francisco Morales C\u00e1zares, comandante de la 21\u00aa Zona Militar; el General Jos\u00e9 Candelario Jaime Contreras L\u00f3pez, comandante de la 43\u00aa Zona Militar; el almirante Arturo David Lendeche Sof\u00e1n, comandante de la Sexta Regi\u00f3n Naval Militar; el\u00a0 vicealmirante Alfredo Morales Mendoza, comandante de la D\u00e9cima Zona Naval Militar, y el coronel\u00a0 \u00d3scar Renter\u00eda Chazarino, comandante del 82 Batall\u00f3n de Infanter\u00eda, con sede en L\u00e1zaro C\u00e1rdenas.<\/p>\n<p>De igual forma estuvieron presentes, la delegada de la Procuradur\u00eda General de la Rep\u00fablica (PGR), Berta Paredes Gardu\u00f1o; Israel Galv\u00e1n Jaimes, comisario Estatal de la Polic\u00eda Federal (PF), y el delegado del Centro de Investigaci\u00f3n y Seguridad Nacional (CISEN), Armando Del R\u00edo Leal, en su calidad de secretario t\u00e9cnico del Grupo de Coordinaci\u00f3n Michoac\u00e1n.<\/p>\n","protected":false},"excerpt":{"rendered":"<p>La incidencia de delitos de alto impacto ha tenido una reducci\u00f3n significativa en el estado, pero lejos de bajar la guardia, el Grupo de Coordinaci\u00f3n Michoac\u00e1n reforzar\u00e1 sus acciones dirigidas a combatir los delitos del fuero com\u00fan, coincidieron los integrantes de este \u00f3rgano en el foro de consulta ciudadana<\/p>\n","protected":false},"author":1,"featured_media":13838,"comment_status":"open","ping_status":"open","sticky":false,"template":"","format":"standard","meta":{"footnotes":""},"categories":[14,3],"tags":[],"class_list":["post-13837","post","type-post","status-publish","format-standard","has-post-thumbnail","hentry","category-destacadas","category-gobierno-del-estado-de-michoacan"],"_links":{"self":[{"href":"https:\/\/radiowebmx.com\/nota\/wp-json\/wp\/v2\/posts\/13837","targetHints":{"allow":["GET"]}}],"collection":[{"href":"https:\/\/radiowebmx.com\/nota\/wp-json\/wp\/v2\/posts"}],"about":[{"href":"https:\/\/radiowebmx.com\/nota\/wp-json\/wp\/v2\/types\/post"}],"author":[{"embeddable":true,"href":"https:\/\/radiowebmx.com\/nota\/wp-json\/wp\/v2\/users\/1"}],"replies":[{"embeddable":true,"href":"https:\/\/radiowebmx.com\/nota\/wp-json\/wp\/v2\/comments?post=13837"}],"version-history":[{"count":1,"href":"https:\/\/radiowebmx.com\/nota\/wp-json\/wp\/v2\/posts\/13837\/revisions"}],"predecessor-version":[{"id":13839,"href":"https:\/\/radiowebmx.com\/nota\/wp-json\/wp\/v2\/posts\/13837\/revisions\/13839"}],"wp:featuredmedia":[{"embeddable":true,"href":"https:\/\/radiowebmx.com\/nota\/wp-json\/wp\/v2\/media\/13838"}],"wp:attachment":[{"href":"https:\/\/radiowebmx.com\/nota\/wp-json\/wp\/v2\/media?parent=13837"}],"wp:term":[{"taxonomy":"category","embeddable":true,"href":"https:\/\/radiowebmx.com\/nota\/wp-json\/wp\/v2\/categories?post=13837"},{"taxonomy":"post_tag","embeddable":true,"href":"https:\/\/radiowebmx.com\/nota\/wp-json\/wp\/v2\/tags?post=13837"}],"curies":[{"name":"wp","href":"https:\/\/api.w.org\/{rel}","templated":true}]}}