{"id":13834,"date":"2015-03-11T13:02:59","date_gmt":"2015-03-11T19:02:59","guid":{"rendered":"https:\/\/radiowebmx.com\/nota\/?p=13834"},"modified":"2015-03-11T13:02:59","modified_gmt":"2015-03-11T19:02:59","slug":"enrique-jacob-rocha-presidente-de-inadem-en-morelia","status":"publish","type":"post","link":"https:\/\/radiowebmx.com\/nota\/enrique-jacob-rocha-presidente-de-inadem-en-morelia\/","title":{"rendered":"ENRIQUE JACOB ROCHA, PRESIDENTE DE INADEM EN MORELIA"},"content":{"rendered":"<p>Luis G\u00e1lvez Ant\u00fanez de<b> <\/b>la Secretar\u00eda de Desarrollo Econ\u00f3mico del estado, en representaci\u00f3n de su titular Carlos Pfister Huerta Ca\u00f1edo, acompa\u00f1\u00f3 a Enrique Jacob Rocha, presidente del Instituto Nacional del Emprendedor (Inadem), en su gira de trabajo por Morelia.<\/p>\n<p>&nbsp;<\/p>\n<p>En este contexto, Luis G\u00e1lvez Ant\u00fanez subsecretario de Impulso a las Micro, Peque\u00f1as y Medianas Empresas de la Sedeco dijo que estas giras de trabajo dan la oportunidad para tener un acercamiento con organismos empresariales, sirve de motivaci\u00f3n para los empresarios, y ayudan a fortalecer e impulsar el desarrollo econ\u00f3mico de la entidad.<\/p>\n<p>&nbsp;<\/p>\n<p>En la gira, el presidente de Inadem se reuni\u00f3 con los presidentes de c\u00e1maras y organismos empresariales integrantes del Consejo Coordinador Empresarial, de la C\u00e1mara Nacional de Comercio, Servicios y Turismo (Canaco Servytur) y la C\u00e1mara Nacional de la Industria de la Transformaci\u00f3n (Canacintra) Morelia.<\/p>\n<p>&nbsp;<\/p>\n<p>En dicha reuni\u00f3n, Enrique Jacob refrend\u00f3 el apoyo para coordinar esfuerzos a favor del ecosistema emprendedor michoacano, y dijo que el Inadem tiene el compromiso de impulsar el crecimiento de las empresas a trav\u00e9s de la mejora continua.<\/p>\n<p>&nbsp;<\/p>\n<p>M\u00e1s tarde, el presidente de Inadem se dirigi\u00f3 a Ciudad Universitaria de la Universidad Michoacana de San Nicol\u00e1s de Hidalgo, para presentar el programa \u201cJ\u00f3venes emprendiendo. Tu primer cr\u00e9dito emprendedor\u201d, programa que present\u00f3 el presidente Enrique Pe\u00f1a Nieto para promover el cr\u00e9dito para emprendedores j\u00f3venes.<\/p>\n<p>&nbsp;<\/p>\n<p>Al encuentro asistieron aproximadamente 250 estudiantes de la Universidad La Salle, Latina de Am\u00e9rica, Instituto Jefferson, Tec Milenio, Universidad del Valle de Morelia, Instituto Tecnol\u00f3gico de Morelia y UMSHN. \u201cCr\u00e9dito Joven es un gran esfuerzo para que la juventud mexicana tenga nuevos caminos de \u00e9xito y realizaci\u00f3n\u201d, expuso.<\/p>\n<p>&nbsp;<\/p>\n<p>Posteriormente se realiz\u00f3 la entrega de 450 constancias de apoyo del proyecto \u201cFortaleciendo mi Negocio\u201d, programa que tiene la finalidad para impulsar a micro empresarios y as\u00ed fortalecer la econom\u00eda de la entidad, adem\u00e1s de ofrecer herramientas que ayuden a los micro y peque\u00f1os empresarios a ser competitivos, explic\u00f3 Luis G\u00e1lvez.<\/p>\n<p>&nbsp;<\/p>\n<p>El subsecretario de Sedeco afirm\u00f3 que con este tipo de acciones se cumple el objetivo de promover esquemas de colaboraci\u00f3n y coordinaci\u00f3n con el Gobierno \u00a0federal, estatal y municipal para desarrollar proyectos y modelos que contribuyan a mejorar la calidad, innovaci\u00f3n, productividad y competitividad de las empresas michoacanas.<\/p>\n<p>&nbsp;<\/p>\n<p>Por su parte, Enrique Jacob Rocha refrend\u00f3 el compromiso del presidente Pe\u00f1a Nieto de apoyar a los micro y peque\u00f1os empresarios a trav\u00e9s del Inadem, para que puedan acceder a cr\u00e9ditos, capacitaci\u00f3n y apoyos, y as\u00ed fortalecer la econom\u00eda en beneficio de los michoacanos.<\/p>\n<p>&nbsp;<\/p>\n<p>Para el programa se invirtieron casi 20 millones de pesos entre federaci\u00f3n y estado,\u00a0 con un alcance en 15 municipios.<\/p>\n<p>&nbsp;<\/p>\n<p>Para finalizar la gira de trabajo, funcionarios de Sedeco y Enrique Jacob visitaron la f\u00e1brica de papel, Papeleros Unidos de Michoac\u00e1n (Pumich).<\/p>\n<p>&nbsp;<\/p>\n<p>Estuvieron presentes en la gira de trabajo Rodrigo Maldonado, secretario de los J\u00f3venes; Diana Hern\u00e1ndez Lomel\u00ed, delegada de la Secretar\u00eda de Econom\u00eda; Roc\u00edo Abud Mirabent, Directora General de Programas de Defensa para Pymes y Emprendedores, Instituto Nacional del Emprendedor, entre otros<\/p>\n","protected":false},"excerpt":{"rendered":"<p>Luis G\u00e1lvez Ant\u00fanez de la Secretar\u00eda de Desarrollo Econ\u00f3mico del estado, en representaci\u00f3n de su titular Carlos Pfister Huerta Ca\u00f1edo, acompa\u00f1\u00f3 a Enrique Jacob Rocha, presidente del Instituto Nacional del Emprendedor (Inadem), en su gira de trabajo por Morelia.<\/p>\n","protected":false},"author":1,"featured_media":13835,"comment_status":"open","ping_status":"open","sticky":false,"template":"","format":"standard","meta":{"footnotes":""},"categories":[14,3],"tags":[],"class_list":["post-13834","post","type-post","status-publish","format-standard","has-post-thumbnail","hentry","category-destacadas","category-gobierno-del-estado-de-michoacan"],"_links":{"self":[{"href":"https:\/\/radiowebmx.com\/nota\/wp-json\/wp\/v2\/posts\/13834","targetHints":{"allow":["GET"]}}],"collection":[{"href":"https:\/\/radiowebmx.com\/nota\/wp-json\/wp\/v2\/posts"}],"about":[{"href":"https:\/\/radiowebmx.com\/nota\/wp-json\/wp\/v2\/types\/post"}],"author":[{"embeddable":true,"href":"https:\/\/radiowebmx.com\/nota\/wp-json\/wp\/v2\/users\/1"}],"replies":[{"embeddable":true,"href":"https:\/\/radiowebmx.com\/nota\/wp-json\/wp\/v2\/comments?post=13834"}],"version-history":[{"count":1,"href":"https:\/\/radiowebmx.com\/nota\/wp-json\/wp\/v2\/posts\/13834\/revisions"}],"predecessor-version":[{"id":13836,"href":"https:\/\/radiowebmx.com\/nota\/wp-json\/wp\/v2\/posts\/13834\/revisions\/13836"}],"wp:featuredmedia":[{"embeddable":true,"href":"https:\/\/radiowebmx.com\/nota\/wp-json\/wp\/v2\/media\/13835"}],"wp:attachment":[{"href":"https:\/\/radiowebmx.com\/nota\/wp-json\/wp\/v2\/media?parent=13834"}],"wp:term":[{"taxonomy":"category","embeddable":true,"href":"https:\/\/radiowebmx.com\/nota\/wp-json\/wp\/v2\/categories?post=13834"},{"taxonomy":"post_tag","embeddable":true,"href":"https:\/\/radiowebmx.com\/nota\/wp-json\/wp\/v2\/tags?post=13834"}],"curies":[{"name":"wp","href":"https:\/\/api.w.org\/{rel}","templated":true}]}}