{"id":13689,"date":"2015-03-03T11:04:13","date_gmt":"2015-03-03T17:04:13","guid":{"rendered":"https:\/\/radiowebmx.com\/nota\/?p=13689"},"modified":"2015-03-03T11:04:26","modified_gmt":"2015-03-03T17:04:26","slug":"coro-y-orquesta-suma-de-voluntades-realizara-gira-en-la-republica-mexicana-osorio-chong","status":"publish","type":"post","link":"https:\/\/radiowebmx.com\/nota\/coro-y-orquesta-suma-de-voluntades-realizara-gira-en-la-republica-mexicana-osorio-chong\/","title":{"rendered":"CORO Y ORQUESTA \u201cSUMA DE VOLUNTADES\u201d REALIZAR\u00c1 GIRA EN LA REP\u00daBLICA MEXICANA: OSORIO CHONG"},"content":{"rendered":"<p>Luego de afirmar que el Coro Monumental y Orquesta de Guitarras \u201cSuma de Voluntades\u201d es un exitoso ejemplo nacional en materia de prevenci\u00f3n social, el secretario de Gobernaci\u00f3n, Miguel \u00c1ngel Osorio Chong, anunci\u00f3 que iniciar\u00e1n una gira de conciertos en la Rep\u00fablica Mexicana.<\/p>\n<p><b>\u00a0<\/b><\/p>\n<p>Lo anterior, durante la Jornada \u201cM\u00e9xico, Nos Mueve la Paz\u201d, que se realiz\u00f3 este lunes en el Centro de Convenciones y Exposiciones de la capital michoacana, a la que asisti\u00f3 el presidente municipal de Morelia, Wilfrido L\u00e1zaro Medina.<\/p>\n<p>&nbsp;<\/p>\n<p>\u201cNos comprometimos y cumplimos para que fueran al Cervantino. Ahora van a ir a todas las entidades del pa\u00eds\u201d, declar\u00f3 el funcionario federal.<\/p>\n<p>&nbsp;<\/p>\n<p>Durante el evento, en el que se hizo entrega simb\u00f3lica de capas y guitarras para los integrantes del Coro y la Orquesta, L\u00e1zaro Medina record\u00f3 que el programa inici\u00f3 hace dos a\u00f1os a fin de disminuir los \u00edndices delictivos en el municipio mediante acciones de prevenci\u00f3n entre ni\u00f1os, j\u00f3venes y mujeres.<\/p>\n<p>&nbsp;<\/p>\n<p>\u201cHoy estamos viviendo los resultados del trabajo de prevenci\u00f3n que se ha hecho para fomentar la cultura de la paz, para recuperar el tejido social y trabajar con quienes m\u00e1s queremos que son los ni\u00f1os y los j\u00f3venes\u201d, expres\u00f3 el edil moreliano.<br \/>\nAl evento asistieron el Gobernador de Michoac\u00e1n, Salvador Jara Guerrero; el subsecretario de Prevenci\u00f3n y Participaci\u00f3n Ciudadana de la Secretar\u00eda de Gobernaci\u00f3n, Roberto Campa Cifri\u00e1n; el general de divisi\u00f3n Pedro Felipe Gurrola Ram\u00edrez; entre otros servidores p\u00fablicos de los tres niveles de gobierno.<\/p>\n","protected":false},"excerpt":{"rendered":"<p>Luego de afirmar que el Coro Monumental y Orquesta de Guitarras \u201cSuma de Voluntades\u201d es un exitoso ejemplo nacional en materia de prevenci\u00f3n social, el secretario de Gobernaci\u00f3n, Miguel \u00c1ngel Osorio Chong, anunci\u00f3 que iniciar\u00e1n una gira de conciertos en la Rep\u00fablica Mexicana.<\/p>\n","protected":false},"author":1,"featured_media":13690,"comment_status":"open","ping_status":"open","sticky":false,"template":"","format":"standard","meta":{"footnotes":""},"categories":[14,9],"tags":[],"class_list":["post-13689","post","type-post","status-publish","format-standard","has-post-thumbnail","hentry","category-destacadas","category-morelia"],"_links":{"self":[{"href":"https:\/\/radiowebmx.com\/nota\/wp-json\/wp\/v2\/posts\/13689","targetHints":{"allow":["GET"]}}],"collection":[{"href":"https:\/\/radiowebmx.com\/nota\/wp-json\/wp\/v2\/posts"}],"about":[{"href":"https:\/\/radiowebmx.com\/nota\/wp-json\/wp\/v2\/types\/post"}],"author":[{"embeddable":true,"href":"https:\/\/radiowebmx.com\/nota\/wp-json\/wp\/v2\/users\/1"}],"replies":[{"embeddable":true,"href":"https:\/\/radiowebmx.com\/nota\/wp-json\/wp\/v2\/comments?post=13689"}],"version-history":[{"count":2,"href":"https:\/\/radiowebmx.com\/nota\/wp-json\/wp\/v2\/posts\/13689\/revisions"}],"predecessor-version":[{"id":13692,"href":"https:\/\/radiowebmx.com\/nota\/wp-json\/wp\/v2\/posts\/13689\/revisions\/13692"}],"wp:featuredmedia":[{"embeddable":true,"href":"https:\/\/radiowebmx.com\/nota\/wp-json\/wp\/v2\/media\/13690"}],"wp:attachment":[{"href":"https:\/\/radiowebmx.com\/nota\/wp-json\/wp\/v2\/media?parent=13689"}],"wp:term":[{"taxonomy":"category","embeddable":true,"href":"https:\/\/radiowebmx.com\/nota\/wp-json\/wp\/v2\/categories?post=13689"},{"taxonomy":"post_tag","embeddable":true,"href":"https:\/\/radiowebmx.com\/nota\/wp-json\/wp\/v2\/tags?post=13689"}],"curies":[{"name":"wp","href":"https:\/\/api.w.org\/{rel}","templated":true}]}}