{"id":13685,"date":"2015-03-03T10:57:49","date_gmt":"2015-03-03T16:57:49","guid":{"rendered":"https:\/\/radiowebmx.com\/nota\/?p=13685"},"modified":"2015-03-03T10:58:03","modified_gmt":"2015-03-03T16:58:03","slug":"arranca-programa-de-capacitacion-de-empleados-municipales","status":"publish","type":"post","link":"https:\/\/radiowebmx.com\/nota\/arranca-programa-de-capacitacion-de-empleados-municipales\/","title":{"rendered":"ARRANCA PROGRAMA DE CAPACITACI\u00d3N DE EMPLEADOS MUNICIPALES"},"content":{"rendered":"<p>En la b\u00fasqueda de mejorar los procesos de la administraci\u00f3n p\u00fablica, mejorar el servicio y alcanzar la calidad en la atenci\u00f3n que se brinda, el Ayuntamiento de Morelia y el Sindicato de Empleado Municipales Administrativos y Conexos (SEMACM) arrancaron la etapa de capacitaci\u00f3n 2015.<\/p>\n<p>&nbsp;<\/p>\n<p>En su mensaje de bienvenida, el secretario de Administraci\u00f3n del municipio, Miguel \u00c1ngel Guzm\u00e1n Huerta, inform\u00f3 que se trabajar\u00e1 en cinco ejes fundamentales: adiestramiento, calidad en el servicio, mejora de la t\u00e9cnica y motivaci\u00f3n.<\/p>\n<p>&nbsp;<\/p>\n<p>\u201cSe trata de hacer sinergia con el Gobierno Municipal para brindarles a los ciudadanos un buen gobierno\u201d, coment\u00f3 Guzm\u00e1n Huerta en presencia del alcalde Wilfrido L\u00e1zaro Medina, quien encabez\u00f3 el evento.<\/p>\n<p>&nbsp;<\/p>\n<p>Tras escuchar \u00a0la explicaci\u00f3n detallada del programa, por parte del secretario general del Semacm, Jorge Molina Baz\u00e1n, el edil moreliano asegur\u00f3 que cuando hay voluntad y se busca la capacitaci\u00f3n, se logra un mejor servicio y una profesionalizaci\u00f3n.<\/p>\n<p>&nbsp;<\/p>\n<p>Para el Ayuntamiento de Morelia, puntualiz\u00f3, la preparaci\u00f3n del personal es una din\u00e1mica permanente: \u201cTenemos que lograr que la gente reconozca el avance del gobierno municipal\u201d, finaliz\u00f3.<\/p>\n","protected":false},"excerpt":{"rendered":"<p>En la b\u00fasqueda de mejorar los procesos de la administraci\u00f3n p\u00fablica, mejorar el servicio y alcanzar la calidad en la atenci\u00f3n que se brinda, el Ayuntamiento de Morelia y el Sindicato de Empleado Municipales Administrativos y Conexos (SEMACM) arrancaron la etapa de capacitaci\u00f3n 2015.<\/p>\n","protected":false},"author":1,"featured_media":13686,"comment_status":"open","ping_status":"open","sticky":false,"template":"","format":"standard","meta":{"footnotes":""},"categories":[14,9],"tags":[],"class_list":["post-13685","post","type-post","status-publish","format-standard","has-post-thumbnail","hentry","category-destacadas","category-morelia"],"_links":{"self":[{"href":"https:\/\/radiowebmx.com\/nota\/wp-json\/wp\/v2\/posts\/13685","targetHints":{"allow":["GET"]}}],"collection":[{"href":"https:\/\/radiowebmx.com\/nota\/wp-json\/wp\/v2\/posts"}],"about":[{"href":"https:\/\/radiowebmx.com\/nota\/wp-json\/wp\/v2\/types\/post"}],"author":[{"embeddable":true,"href":"https:\/\/radiowebmx.com\/nota\/wp-json\/wp\/v2\/users\/1"}],"replies":[{"embeddable":true,"href":"https:\/\/radiowebmx.com\/nota\/wp-json\/wp\/v2\/comments?post=13685"}],"version-history":[{"count":2,"href":"https:\/\/radiowebmx.com\/nota\/wp-json\/wp\/v2\/posts\/13685\/revisions"}],"predecessor-version":[{"id":13688,"href":"https:\/\/radiowebmx.com\/nota\/wp-json\/wp\/v2\/posts\/13685\/revisions\/13688"}],"wp:featuredmedia":[{"embeddable":true,"href":"https:\/\/radiowebmx.com\/nota\/wp-json\/wp\/v2\/media\/13686"}],"wp:attachment":[{"href":"https:\/\/radiowebmx.com\/nota\/wp-json\/wp\/v2\/media?parent=13685"}],"wp:term":[{"taxonomy":"category","embeddable":true,"href":"https:\/\/radiowebmx.com\/nota\/wp-json\/wp\/v2\/categories?post=13685"},{"taxonomy":"post_tag","embeddable":true,"href":"https:\/\/radiowebmx.com\/nota\/wp-json\/wp\/v2\/tags?post=13685"}],"curies":[{"name":"wp","href":"https:\/\/api.w.org\/{rel}","templated":true}]}}