{"id":13682,"date":"2015-03-03T10:48:47","date_gmt":"2015-03-03T16:48:47","guid":{"rendered":"https:\/\/radiowebmx.com\/nota\/?p=13682"},"modified":"2015-03-03T10:48:47","modified_gmt":"2015-03-03T16:48:47","slug":"grupo-de-coordinacion-michoacan-y-titular-de-segob-evaluan-avances-de-estrategia-de-seguridad%e2%80%8f","status":"publish","type":"post","link":"https:\/\/radiowebmx.com\/nota\/grupo-de-coordinacion-michoacan-y-titular-de-segob-evaluan-avances-de-estrategia-de-seguridad%e2%80%8f\/","title":{"rendered":"Grupo de Coordinaci\u00f3n Michoac\u00e1n y titular de Segob eval\u00faan avances de estrategia de seguridad\u200f"},"content":{"rendered":"<p>El secretario de Gobernaci\u00f3n, Miguel \u00c1ngel Osorio Chong, evalu\u00f3 con los integrantes del Grupo de Coordinaci\u00f3n Michoac\u00e1n los avances en la estrategia de seguridad que se implementa en Michoac\u00e1n. Destac\u00f3 que est\u00e1 funcionando bien el trabajo coordinado, ya que gracias a que las diferentes fuerzas militares y dependencias de los gobiernos federal y estatal han dejado de competir entre s\u00ed para formar un solo cuerpo, se han obtenido buenos resultados como la captura de Servando G\u00f3mez Mart\u00ednez \u201cLa Tuta\u201d.<\/p>\n<p>El encargado de la pol\u00edtica interior en el pa\u00eds dijo al gobernador Salvador Jara Guerrero y al general Felipe Gurrola Ram\u00edrez, mando especial para la seguridad en Michoac\u00e1n, que la percepci\u00f3n que se tiene de Michoac\u00e1n en el pa\u00eds ha mejorado; no obstante, les pidi\u00f3 no bajar la guardia y definir objetos prioritarios para combatir los delitos del fuero com\u00fan.<\/p>\n<p>A la reuni\u00f3n de evaluaci\u00f3n que se realiz\u00f3 en Casa de Gobierno de forma privada, asistieron el secretario de Gobierno, Jaime Esparza Cortina; el procurador general de Justicia (PGJ), Mart\u00edn Godoy Castro, y el secretario de Seguridad P\u00fablica (SSP), Javier Ocampo Garc\u00eda.<\/p>\n<p>El general Jos\u00e9 Francisco Morales C\u00e1zares, comandante de la 21\u00aa Zona Militar; el general Jos\u00e9 Candelario Jaime Contreras L\u00f3pez, comandante de la 43\u00aa Zona Militar; el vicealmirante Alfredo Morales Mendoza, comandante de la D\u00e9cima Zona Naval Militar, y el almirante Arturo David Lendeche, comandante de la Sexta Regi\u00f3n Naval<\/p>\n<p>Del \u00a0Gobierno Federal, la delegada de la Procuradur\u00eda General de la Rep\u00fablica (PGR), Berta Paredes Gardu\u00f1o; Israel Galv\u00e1n Jaimes, comisario estatal de la Polic\u00eda Federal (PF) y el delegado del Centro de Investigaci\u00f3n y Seguridad Nacional (CISEN), Armando Del R\u00edo Leal.<\/p>\n","protected":false},"excerpt":{"rendered":"<p>El secretario de Gobernaci\u00f3n, Miguel \u00c1ngel Osorio Chong, evalu\u00f3 con los integrantes del Grupo de Coordinaci\u00f3n Michoac\u00e1n los avances en la estrategia de seguridad que se implementa en Michoac\u00e1n. Destac\u00f3 que est\u00e1 funcionando bien el trabajo coordinado, <\/p>\n","protected":false},"author":1,"featured_media":13683,"comment_status":"open","ping_status":"open","sticky":false,"template":"","format":"standard","meta":{"footnotes":""},"categories":[14,3],"tags":[],"class_list":["post-13682","post","type-post","status-publish","format-standard","has-post-thumbnail","hentry","category-destacadas","category-gobierno-del-estado-de-michoacan"],"_links":{"self":[{"href":"https:\/\/radiowebmx.com\/nota\/wp-json\/wp\/v2\/posts\/13682","targetHints":{"allow":["GET"]}}],"collection":[{"href":"https:\/\/radiowebmx.com\/nota\/wp-json\/wp\/v2\/posts"}],"about":[{"href":"https:\/\/radiowebmx.com\/nota\/wp-json\/wp\/v2\/types\/post"}],"author":[{"embeddable":true,"href":"https:\/\/radiowebmx.com\/nota\/wp-json\/wp\/v2\/users\/1"}],"replies":[{"embeddable":true,"href":"https:\/\/radiowebmx.com\/nota\/wp-json\/wp\/v2\/comments?post=13682"}],"version-history":[{"count":1,"href":"https:\/\/radiowebmx.com\/nota\/wp-json\/wp\/v2\/posts\/13682\/revisions"}],"predecessor-version":[{"id":13684,"href":"https:\/\/radiowebmx.com\/nota\/wp-json\/wp\/v2\/posts\/13682\/revisions\/13684"}],"wp:featuredmedia":[{"embeddable":true,"href":"https:\/\/radiowebmx.com\/nota\/wp-json\/wp\/v2\/media\/13683"}],"wp:attachment":[{"href":"https:\/\/radiowebmx.com\/nota\/wp-json\/wp\/v2\/media?parent=13682"}],"wp:term":[{"taxonomy":"category","embeddable":true,"href":"https:\/\/radiowebmx.com\/nota\/wp-json\/wp\/v2\/categories?post=13682"},{"taxonomy":"post_tag","embeddable":true,"href":"https:\/\/radiowebmx.com\/nota\/wp-json\/wp\/v2\/tags?post=13682"}],"curies":[{"name":"wp","href":"https:\/\/api.w.org\/{rel}","templated":true}]}}