{"id":13679,"date":"2015-03-03T10:46:34","date_gmt":"2015-03-03T16:46:34","guid":{"rendered":"https:\/\/radiowebmx.com\/nota\/?p=13679"},"modified":"2015-03-03T10:46:34","modified_gmt":"2015-03-03T16:46:34","slug":"temas-de-cafe-267","status":"publish","type":"post","link":"https:\/\/radiowebmx.com\/nota\/temas-de-cafe-267\/","title":{"rendered":"TEMAS DE CAF\u00c9"},"content":{"rendered":"<ul>\n<li><a href=\"https:\/\/radiowebmx.com\/nota\/wp-content\/uploads\/2013\/06\/temas-de-cafe.jpg\"><img loading=\"lazy\" decoding=\"async\" class=\"alignleft size-full wp-image-2805\" alt=\"temas de cafe\" src=\"https:\/\/radiowebmx.com\/nota\/wp-content\/uploads\/2013\/06\/temas-de-cafe.jpg\" width=\"295\" height=\"171\" \/><\/a>LA TUTA ES UN SUPERSTAR<\/li>\n<li>CASTILLO SIGUE MANDANDO<\/li>\n<li>AGUSTIN EL DUE\u00d1O DEL PRI<\/li>\n<li>PRI ENTRE AMOR Y EL ODIO<\/li>\n<\/ul>\n<p>Ahora resulta que el\u00a0 profesor de primaria, Servando G\u00f3mez Mart\u00ednez, mejor conocido en el medio criminal\u00edstico como ala Tuta, es un\u00a0 superstar, despu\u00e9s de que el Chapo Guzm\u00e1n coment\u00f3 que la Tuta, era solamente un delincuente mugroso, ahora lo han elevado a figura del mundo delictivo, a tal grado que hasta el presidente Obama hizo comentarios sobre su detenci\u00f3n, y los medios de comunicaci\u00f3n electr\u00f3nica, escritos y por internet, han elevado al profesor hasta los lugares exclusivos, de los grandes personajes del mundo delictivo como Al Capone y terrorista como Osama Bin Laden, lo cual realmente nos llena de pasmosa sorpresa, porque la verdad se\u00f1ores, m\u00e1s seriedad porque no es para tanto. El presidente Obama lo pide para castigarlo como terrorista<\/p>\n<p>ya que se afirma fueron entrenados estos grupos\u00a0 por la Yihad.<\/p>\n<p>\u00bfTLATAYA Y AYOTZINAPA? BAH, \u00a1ES LA TUTA!<\/p>\n<p>No cabe duda que los grandes medios nacionales, conducen a la gente a donde quieren, primero hicieron el esc\u00e1ndalo m\u00e1s grande, con Tlataya \u00a0y cuando empezaba a crecer lleg\u00f3 Ayotzinapa, y se olvid\u00f3 Tlataya, que realmente justificamos los hechos, porque las milicias se enfrentaron con delincuentes, no con hermanos de la caridad, vino Ayotzinapa y la noticia vend\u00eda mejor, ya que eran normalistas ingenuos que se hab\u00edan dejado enga\u00f1ar, y aparentemente hab\u00edan sido eliminados, por qui\u00e9n sabe\u00a0 qui\u00e9n pero fueron 43 jovencitos los ejecutados, dentro de un misterio ya que\u00a0 a\u00fan hoy no se sabe bien, que sucedi\u00f3 esa noche del 26 al 27 de septiembre del a\u00f1o pasado.<\/p>\n<p>Hoy el espacio para los padres de los normalistas, cada vez se hacen m\u00e1s peque\u00f1os en los diarios escritos, y en los electr\u00f3nicos el espacio cada vez es m\u00e1s reducido, el tema ya no vende ahora el S\u00faper Star es el profesor Servando Ch\u00e1vez Mart\u00ednez, de quien sacan mal desde la casa donde lo detuvieron, las casas que fueron cateadas como unas seis, que lo detuvieron en una de ellas, no, que cenando hot dogs, que siguieron la ruta de los pasteles porque era su cumplea\u00f1os, y la PGR afirma que ten\u00edan cinco a\u00f1os tras sus huellas,<\/p>\n<p>REPORTAJES NACIONALES DE LAS CUEVAS<\/p>\n<p>Usted debe recordar vinieron conductores estrellas de la televisi\u00f3n,\u00a0 realizar reportajes de las cuevas donde estaba La Tuta, dijeron que andaba en una burra para no dejar huella, y as\u00ed siguen las historias sobre este personaje, que de la noche a la ma\u00f1ana se convirti\u00f3 en gran noticia nacional e internacional, excelente cortina de humo, y todo lo dem\u00e1s qued\u00f3 opacado hasta el mal gobierno en materia de econom\u00eda, el d\u00f3lar ya no interesa si est\u00e1 por arriba de los 15 pesos, total \u00a1agarraron a la Tuta y creen que con ello todo\u00a0 est\u00e1 solucionado.<\/p>\n<p>OSORIO CHONG LOS TRAJO A LA REALIDAD<\/p>\n<p>Ayer el Secretario de Gobernaci\u00f3n Miguel Angel Osorio Chong, dijo que aunque se hab\u00eda logrado la detenci\u00f3n, del profesor Servando G\u00f3mez s\u00faper delincuente, perseguido por m\u00e1s de cinco a\u00f1os, la verdad si es as\u00ed qu\u00e9\u00a0 malos son para perseguir delincuentes, por eso estamos como estamos,\u00a0 la inseguridad no estaba solucionada, faltaban algunos mandos que detener, por lo cual el nivel de seguridad se manten\u00eda.<\/p>\n<p>Aunque afirm\u00f3 que ya se hab\u00edan logrado, avances en esta materia adem\u00e1s dio\u00a0 conocer que retiraba, de la delegaci\u00f3n de Gobernaci\u00f3n a Rogelio Caballero Meraz, a quien Alfredo Castillo nunca quiso, y en su lugar quedar\u00e1 Florentino Coalla Pulido, uno de los hombres m\u00e1s cercanos al ex comisionad, quien obviamente sigue manteniendo su fuerza, solamente que ahora no est\u00e1 presente, pero no se encuentra ausente, ya desde hace d\u00edas ten\u00edamos informaci\u00f3n, de que hab\u00eda la intenci\u00f3n de Castillo Cervantes de relevar a Rogelio, porque se la estaba creyendo y andaba gestionando, el relevo de la mayor\u00eda de los delegados, lo cual era lo correcto.<\/p>\n<p>Desde luego esta medida hubiera sido la mejor, por sensato, lo mejor para Michoac\u00e1n y se lo cometamos en varias ocasiones,\u00a0 la mayor\u00eda de los delegados federales no sirven y peor, no hacen nada solamente se llevan grandes sumas de dinero, por ello era necesario Michoacanizar las delegaciones, para que por lo menos tuvieran cierto compromiso, con los michoacanos, porque los que est\u00e1n y se quedar\u00e1n con\u00a0 Florentino la verdad muy pocos sirven.<\/p>\n<p>AGUSTIN PRIMERO, ES EL DUE\u00d1O DEL PRI<\/p>\n<p>Ya les hemos comentado que no nos extra\u00f1a, que el grupo pol\u00edtico que llega al poder, se quede con todo o con los principales puestos, tal es el caso del grupo de Chon Orihuela, desde luego son usos y costumbres, que se molesten quienes se quedan fuera es l\u00f3gico y normal, pero as\u00ed ha sido el PRI siempre, as\u00ed tenemos\u00a0 Agust\u00edn Trujillo se hizo cargo del PRI estatal, ah\u00ed estuvieron desde luego el jefe del grupo, el senador con licencia Chon Orihuela y candidato al gobierno del estado, as\u00ed como Fernando Pe\u00f1a delegado regional, quien tendr\u00eda a su esposa como diputada federal, y no dude las principales posiciones ser\u00e1n para su grupo, as\u00ed como las diputaciones plurinominales locales.<\/p>\n<p>EL PRI VA DEL AMOR AL ODIO JAROCHO<\/p>\n<p>La \u00faltima encuesta dada a conocer por Mitofsky, levantada a nivel nacional llamada Punto de Arranque, sobre los partidos pol\u00edticos m\u00e1s importantes, llama la atenci\u00f3n lo que le sucede al PRI, porque de ser el partido m\u00e1s rechazado, a pesar de eso sigue siendo el partido pol\u00edtico, que m\u00e1s preferencias electorales tiene, aunque desde luego se encuentra muy lejos, de las cifras de\u00a0 hace unos 15 a\u00f1os. As\u00ed tenemos que en cuanto al rechazo el PRI, es el campe\u00f3n con un 44. 3 por ciento, mientras que el PAN le sigue con 36.5,\u00a0 el\u00a0 PRD no se queda muy lejos con el 35.9, Morena con un 31. 2 y el PT con el 29.1 por ciento.<\/p>\n<p>Pero cuando vamos a las preferencias electorales por partidos, tenemos otra vez al PRI en primer lugar, aunque con un raqu\u00edtico 31 por ciento, el PAN tiene a su vez, preferencias hasta por un 26 por ciento, mientras que el PRD apenas llega a un 15 por ciento de las preferencias nacionales, y es que usted sabe bien que el PRD no es un partido nacional, las preferencias de Morena apenas llega a una 9 por ciento, y el Verde a un ocho, por debajo de lo que afirman ellos tener, presumen tener el 11 por ciento. As\u00ed tenemos que el PRI es el m\u00e1s rechazado, pero a la vez es el que tiene m\u00e1s preferencias, aunque estas no le alcanzan para ganar.<\/p>\n<p>EL 27 % NO SABE CUANDO SON LAS ELECCIONES<\/p>\n<p>Hay dos aspectos que llaman la atenci\u00f3n de las \u00faltimas encuestas, pero \u00e9sta en general se\u00f1ala que el 27.5 por ciento de la poblaci\u00f3n, no sabe cu\u00e1ndo ser\u00e1n las elecciones,\u00a0 y es que hubo un descontrol porque recuerda usted, iban a ser en julio pero se adelantaron a junio, y entonces ser\u00e1n el 7, en otras encuestas llama la atenci\u00f3n el porcentaje tan elevado de personas, que a estas alturas no saben si acudir\u00e1n, a las urnas a votar o no, porque a estas alturas a\u00fan no lo han decidido.<\/p>\n<p>LA ESPERANZA DEL PRI ES EL VERDE Y ALIANZA<\/p>\n<p>Ayer mismo lo afirm\u00f3 Chon Orihuela, candidato del PRI al gobierno de Michoac\u00e1n, afirm\u00f3 que est\u00e1n confiados en el triunfo, ya que acept\u00f3 que el PRI no tiene m\u00e1s preferencias que el 31 por ciento, por lo cual dijo que con el 10 por ciento del Verde, m\u00e1s el cinco por ciento de Alianza, alcanzar\u00e1n f\u00e1cilmente el 45 por ciento, de la votaci\u00f3n federal y espera\u00a0 claro que s\u00ed, que tambi\u00e9n ese porcentaje se d\u00e9 en la elecci\u00f3n en Michoac\u00e1n, con lo cual seguramente ganar\u00eda con cierta\u00a0 facilidad, de ah\u00ed su tranquilidad por la aportaci\u00f3n, que le podr\u00edan otorgar estos dos partidos, y en cuanto a los n\u00fameros tiene raz\u00f3n, ahora falta que se presenten esas cifras en el Estado.<\/p>\n<p>NIEGA PARAMETRIA LA PATERNIDAD DE ENCUESTA<\/p>\n<p>Mediante un bolet\u00edn de prensa la empresa Parametr\u00eda, desminti\u00f3 ayer haber levantado la encuesta, en la cual Luisa Mar\u00eda Calder\u00f3n tiene 28 puntos, Silvano 20 y Chon Orihuela 13, Mar\u00eda de la Luz N\u00fa\u00f1ez de Morena 3, y Manuel Ant\u00fanez del Movimiento Ciudadano un punto, afirm\u00f3 que negaba que la hubiera levantado en el Estado,\u00a0 afirm\u00f3 que tiene exclusividad con El Financiero, en cuesti\u00f3n de las candidaturas para gobernador.<\/p>\n","protected":false},"excerpt":{"rendered":"<p>\u2022\tLA TUTA ES UN SUPERSTAR<br \/>\n\u2022\tCASTILLO SIGUE MANDANDO<br \/>\n\u2022\tAGUSTIN EL DUE\u00d1O DEL PRI<br \/>\n\u2022\tPRI ENTRE AMOR Y EL ODIO<\/p>\n","protected":false},"author":1,"featured_media":0,"comment_status":"open","ping_status":"open","sticky":false,"template":"","format":"standard","meta":{"footnotes":""},"categories":[4,14,10],"tags":[],"class_list":["post-13679","post","type-post","status-publish","format-standard","hentry","category-columnistas","category-destacadas","category-juan-manuel-belmonte"],"_links":{"self":[{"href":"https:\/\/radiowebmx.com\/nota\/wp-json\/wp\/v2\/posts\/13679","targetHints":{"allow":["GET"]}}],"collection":[{"href":"https:\/\/radiowebmx.com\/nota\/wp-json\/wp\/v2\/posts"}],"about":[{"href":"https:\/\/radiowebmx.com\/nota\/wp-json\/wp\/v2\/types\/post"}],"author":[{"embeddable":true,"href":"https:\/\/radiowebmx.com\/nota\/wp-json\/wp\/v2\/users\/1"}],"replies":[{"embeddable":true,"href":"https:\/\/radiowebmx.com\/nota\/wp-json\/wp\/v2\/comments?post=13679"}],"version-history":[{"count":2,"href":"https:\/\/radiowebmx.com\/nota\/wp-json\/wp\/v2\/posts\/13679\/revisions"}],"predecessor-version":[{"id":13681,"href":"https:\/\/radiowebmx.com\/nota\/wp-json\/wp\/v2\/posts\/13679\/revisions\/13681"}],"wp:attachment":[{"href":"https:\/\/radiowebmx.com\/nota\/wp-json\/wp\/v2\/media?parent=13679"}],"wp:term":[{"taxonomy":"category","embeddable":true,"href":"https:\/\/radiowebmx.com\/nota\/wp-json\/wp\/v2\/categories?post=13679"},{"taxonomy":"post_tag","embeddable":true,"href":"https:\/\/radiowebmx.com\/nota\/wp-json\/wp\/v2\/tags?post=13679"}],"curies":[{"name":"wp","href":"https:\/\/api.w.org\/{rel}","templated":true}]}}