{"id":13672,"date":"2015-03-02T12:34:44","date_gmt":"2015-03-02T18:34:44","guid":{"rendered":"https:\/\/radiowebmx.com\/nota\/?p=13672"},"modified":"2015-03-02T12:34:44","modified_gmt":"2015-03-02T18:34:44","slug":"arrancan-obras-que-mejoraran-periodismo-y-juarez","status":"publish","type":"post","link":"https:\/\/radiowebmx.com\/nota\/arrancan-obras-que-mejoraran-periodismo-y-juarez\/","title":{"rendered":"ARRANCAN OBRAS  QUE MEJORAR\u00c1N PERIODISMO Y JU\u00c1REZ"},"content":{"rendered":"<p>Con el apoyo del gobierno del estado, para lograr un Morelia m\u00e1s Transitable, el presidente municipal Wilfrido L\u00e1zaro Medina cumple un compromiso m\u00e1s de regresarle vida y funcionalidad a las principales vialidades de la ciudad, donde de alguna forma circula el 100 por ciento de la poblaci\u00f3n.<\/p>\n<p>&nbsp;<\/p>\n<p>Gracias a la gesti\u00f3n del alcalde ante el gobierno del estado, la ma\u00f1ana de este lunes arrancaron las obras de pavimentaci\u00f3n de la tercera etapa de la Avenida Periodismo y Calzada Ju\u00e1rez, para lo cual el ejecutivo estatal Salvador Jara Guerrero y Wilfrido L\u00e1zaro Medina, dieron el banderazo oficial para que sean un hecho estas importantes obras.<\/p>\n<p><b>\u00a0<\/b><\/p>\n<p>A primera hora de este lunes, los titulares del poder Ejecutivo del Estado y del Municipio, acompa\u00f1ados de\u00a0 los diputados locales Bert\u00edn Cornejo y Jos\u00e9 Guadalupe as\u00ed como del S\u00edndico Municipal, Salvador Abud; los \u00a0regidores del Cabildo Local y de vecinos beneficiarios,\u00a0 arribaron a la avenida Periodismo\u00a0 para conocer los detalles de la pavimentaci\u00f3n, los cuales de acuerdo a la explicaci\u00f3n \u00a0del secretario de Obras P\u00fablicas, Gustavo Moriel Armend\u00e1riz, consistir\u00e1n en la pavimentaci\u00f3n con concreto hidr\u00e1ulico, la colocaci\u00f3n de red de drenaje pluvias y de agua potable, adem\u00e1s de la construcci\u00f3n de pasos peatonales, modernizaci\u00f3n de \u00e1reas jardinadas y modernizaci\u00f3n de alumbrado p\u00fablico, todo en una longitud de 1.8 kil\u00f3metros.<\/p>\n<p>&nbsp;<\/p>\n<p>Con una inversi\u00f3n de 57 millones de pesos, la rehabilitaci\u00f3n de la tercera etapa de la Avenida Periodismo tendr\u00e1 una duraci\u00f3n promedio de cinco meses, por lo cual, las autoridades piden la comprensi\u00f3n y apoyo de los morelianos para tomar las medidas necesarias y acatar los se\u00f1alamientos de circulaci\u00f3n alternos.<\/p>\n<p>&nbsp;<\/p>\n<p>El presidente municipal de Morelia, Wilfrido L\u00e1zaro Medina, celebr\u00f3 una vez m\u00e1s la suma de voluntades con el gobernador Salvador Jara Guerrero para seguir modernizando Morelia, \u201ccuando hay voluntad entre todas las partes, se pueden hacer grandes cosas\u201d dijo.<\/p>\n<p>&nbsp;<\/p>\n<p>L\u00e1zaro Medina, recibi\u00f3 el reconocimiento p\u00fablico por parte del presidente del Comit\u00e9 de esta obra, Arsenio Sosa y del diputado local Bert\u00edn Cornejo, donde este \u00faltimo resalt\u00f3 \u201cEl distrito 16 que represent\u00f3 a tenido grandes obras gracias al trabajo del presidente municipal\u201d:<\/p>\n<p>&nbsp;<\/p>\n<p>Por su parte el jefe del ejecutivo estatal, Salvador Jara Guerrero, puntualiz\u00f3 que tanto las obras de la Avenida Periodismo como de la Calzada Ju\u00e1rez, no son s\u00f3lo de mejoramiento de su est\u00e9tica, sino que adem\u00e1s, se destinaron recursos econ\u00f3micos para resolver problemas en el drenaje, sistema de agua potable y alumbrado p\u00fablico \u201cson situaciones que no se ven, pero que beneficiar\u00e1n a toda la ciudad porque ya eran un problema muy marcado\u201d<\/p>\n<p>&nbsp;<\/p>\n<p>&nbsp;<\/p>\n<p>Minutos m\u00e1s tardes, las autoridades se trasladaron a la Calzada Ju\u00e1rez, donde de manera similar, dieron el banderazo a la maquinaria que inici\u00f3 los trabajos de mejoramiento de esta r\u00faa.<\/p>\n<p>&nbsp;<\/p>\n<p>Considerada una de las principales arterias viales de la ciudad y con una inversi\u00f3n superior a los 75 millones de pesos, \u00a0un promedio de 1.5 kil\u00f3metros de longitud que representa la tercera y \u00faltima etapa, sufrir\u00e1 mejoras en la pavimentaci\u00f3n, misma que ser\u00e1 sustituida con concreto hidr\u00e1ulico, lo que garantiza una durabilidad y calidad.<\/p>\n<p>&nbsp;<\/p>\n<p>Adem\u00e1s, ser\u00e1n colocados los sistemas de red de drenaje pluvial y sistema de riego, en tanto que se rehabilitar\u00e1n las zonas jardinadas, se construir\u00e1n banquetas con loseta y se mejorar\u00e1 el sistema de alumbrado p\u00fablico.<\/p>\n<p>&nbsp;<\/p>\n<p>L\u00e1zaro Medina, festej\u00f3 el logro de un proyecto \u00a0m\u00e1s, que su administraci\u00f3n con el respaldo del gobierno del estado, se cumpli\u00f3 para ofrecer al final de las obras, una de las calzadas m\u00e1s bellas y modernas de la ciudad.<\/p>\n<p>&nbsp;<\/p>\n<p>Adicional a la rehabilitaci\u00f3n de la calzada, refiri\u00f3 los trabajos de rescate de la Plaza Carrillo, donde se regresar\u00e1 una imagen digna y funcional para todos los que circulen por este espacio hist\u00f3rico.<\/p>\n<p>&nbsp;<\/p>\n<p>Durante el evento protocolario de arranque de las obras de mejoramiento de la calzada Ju\u00e1rez, un peque\u00f1o grupo de vecinos mostraron su molestia ante los trabajos de la misma, para lo cual, el presidente municipal, Wilfrido L\u00e1zaro Medina y el gobernador Salvador Jara ofrecieron un dialogo y consenso para llegar al mejor acuerdo, mismo que fue aceptado por los quejosos, permitiendo entonces seguir con este proyecto que beneficiar\u00e1 a todo Morelia.<\/p>\n","protected":false},"excerpt":{"rendered":"<p>Con el apoyo del gobierno del estado, para lograr un Morelia m\u00e1s Transitable, el presidente municipal Wilfrido L\u00e1zaro Medina cumple un compromiso m\u00e1s de regresarle vida y funcionalidad a las principales vialidades de la ciudad, donde de alguna forma circula el 100 por ciento de la poblaci\u00f3n.<\/p>\n","protected":false},"author":1,"featured_media":13673,"comment_status":"open","ping_status":"open","sticky":false,"template":"","format":"standard","meta":{"footnotes":""},"categories":[14,9],"tags":[],"class_list":["post-13672","post","type-post","status-publish","format-standard","has-post-thumbnail","hentry","category-destacadas","category-morelia"],"_links":{"self":[{"href":"https:\/\/radiowebmx.com\/nota\/wp-json\/wp\/v2\/posts\/13672","targetHints":{"allow":["GET"]}}],"collection":[{"href":"https:\/\/radiowebmx.com\/nota\/wp-json\/wp\/v2\/posts"}],"about":[{"href":"https:\/\/radiowebmx.com\/nota\/wp-json\/wp\/v2\/types\/post"}],"author":[{"embeddable":true,"href":"https:\/\/radiowebmx.com\/nota\/wp-json\/wp\/v2\/users\/1"}],"replies":[{"embeddable":true,"href":"https:\/\/radiowebmx.com\/nota\/wp-json\/wp\/v2\/comments?post=13672"}],"version-history":[{"count":1,"href":"https:\/\/radiowebmx.com\/nota\/wp-json\/wp\/v2\/posts\/13672\/revisions"}],"predecessor-version":[{"id":13674,"href":"https:\/\/radiowebmx.com\/nota\/wp-json\/wp\/v2\/posts\/13672\/revisions\/13674"}],"wp:featuredmedia":[{"embeddable":true,"href":"https:\/\/radiowebmx.com\/nota\/wp-json\/wp\/v2\/media\/13673"}],"wp:attachment":[{"href":"https:\/\/radiowebmx.com\/nota\/wp-json\/wp\/v2\/media?parent=13672"}],"wp:term":[{"taxonomy":"category","embeddable":true,"href":"https:\/\/radiowebmx.com\/nota\/wp-json\/wp\/v2\/categories?post=13672"},{"taxonomy":"post_tag","embeddable":true,"href":"https:\/\/radiowebmx.com\/nota\/wp-json\/wp\/v2\/tags?post=13672"}],"curies":[{"name":"wp","href":"https:\/\/api.w.org\/{rel}","templated":true}]}}