{"id":13663,"date":"2015-03-02T12:23:57","date_gmt":"2015-03-02T18:23:57","guid":{"rendered":"https:\/\/radiowebmx.com\/nota\/?p=13663"},"modified":"2015-03-02T12:23:57","modified_gmt":"2015-03-02T18:23:57","slug":"en-marcha-programa-de-modernizacion-de-embarcaciones-pesqueras-menores","status":"publish","type":"post","link":"https:\/\/radiowebmx.com\/nota\/en-marcha-programa-de-modernizacion-de-embarcaciones-pesqueras-menores\/","title":{"rendered":"EN MARCHA, PROGRAMA DE MODERNIZACI\u00d3N DE EMBARCACIONES PESQUERAS MENORES"},"content":{"rendered":"<p>Como parte de los programas y estrategias de los gobiernos federal y estatal para impulsar el fortalecimiento del sector pesquero de Michoac\u00e1n, pescadores del puerto cardenense recibieron 13 motores ecol\u00f3gicos,\u00a0 que vendr\u00e1n a sustituir a sus equipos obsoletos,\u00a0 con lo que se acrecentar\u00e1 su actividad en esta regi\u00f3n.<\/p>\n<p>&nbsp;<\/p>\n<p>Este programa denominado Sustituci\u00f3n de Motores es impulsado por la Sagarpa a trav\u00e9s de la Comisi\u00f3n Nacional de Acuacultura y Pesca (Conapesca), mediante convenio signado con el Gobierno del Estado, el cual permitir\u00e1 reducir los costos de operaci\u00f3n, optimizar el consumo del combustible y disminuir los niveles de contaminaci\u00f3n.<\/p>\n<p>&nbsp;<\/p>\n<p>El director general de la Comisi\u00f3n de Pesca, Jos\u00e9 Ra\u00fal Guti\u00e9rrez Dur\u00e1n, inform\u00f3 lo anterior y agrego que este Programa estar\u00e1 soportado por recursos de hasta 7 millones de pesos, mismos que tambi\u00e9n beneficiar\u00e1n a pescadores de otras regiones de la entidad.<\/p>\n<p>&nbsp;<\/p>\n<p>Dijo que est\u00e1 prevista la entrega de 62 motores y embarcaciones con impacto en los embalses de las Presas Los Olivos, Zicuir\u00e1n, del Gallo, Melchor Ocampo e Infiernillo, adem\u00e1s de los Lagos de Cuitzeo\u00a0 y Chapala.<\/p>\n<p>&nbsp;<\/p>\n<p>Record\u00f3 que esta sustituci\u00f3n de motores se da hasta en equipo de 115 hp (caballos de fuerza) y en embarcaciones menores de 10.5 metros de eslora.<\/p>\n<p>&nbsp;<\/p>\n<p>Resalt\u00f3 tambi\u00e9n la importancia de que los diversos \u00e1mbitos de gobierno, contin\u00faen sumando acciones y programas para el crecimiento del sector pesquero de Michoac\u00e1n, m\u00e1xime en esta regi\u00f3n costera que requiere atenci\u00f3n importante.<\/p>\n<p>&nbsp;<\/p>\n<p>Michoac\u00e1n, es entidad rica en costa y aguas interiores de ah\u00ed el compromiso de las autoridades de dar respuesta a las inquietudes de este sector, resalt\u00f3 el funcionario estatal.<\/p>\n<p>&nbsp;<\/p>\n","protected":false},"excerpt":{"rendered":"<p>Como parte de los programas y estrategias de los gobiernos federal y estatal para impulsar el fortalecimiento del sector pesquero de Michoac\u00e1n, pescadores del puerto cardenense recibieron 13 motores ecol\u00f3gicos,  que vendr\u00e1n a sustituir a sus equipos obsoletos, <\/p>\n","protected":false},"author":1,"featured_media":13664,"comment_status":"open","ping_status":"open","sticky":false,"template":"","format":"standard","meta":{"footnotes":""},"categories":[14,9],"tags":[],"class_list":["post-13663","post","type-post","status-publish","format-standard","has-post-thumbnail","hentry","category-destacadas","category-morelia"],"_links":{"self":[{"href":"https:\/\/radiowebmx.com\/nota\/wp-json\/wp\/v2\/posts\/13663","targetHints":{"allow":["GET"]}}],"collection":[{"href":"https:\/\/radiowebmx.com\/nota\/wp-json\/wp\/v2\/posts"}],"about":[{"href":"https:\/\/radiowebmx.com\/nota\/wp-json\/wp\/v2\/types\/post"}],"author":[{"embeddable":true,"href":"https:\/\/radiowebmx.com\/nota\/wp-json\/wp\/v2\/users\/1"}],"replies":[{"embeddable":true,"href":"https:\/\/radiowebmx.com\/nota\/wp-json\/wp\/v2\/comments?post=13663"}],"version-history":[{"count":1,"href":"https:\/\/radiowebmx.com\/nota\/wp-json\/wp\/v2\/posts\/13663\/revisions"}],"predecessor-version":[{"id":13665,"href":"https:\/\/radiowebmx.com\/nota\/wp-json\/wp\/v2\/posts\/13663\/revisions\/13665"}],"wp:featuredmedia":[{"embeddable":true,"href":"https:\/\/radiowebmx.com\/nota\/wp-json\/wp\/v2\/media\/13664"}],"wp:attachment":[{"href":"https:\/\/radiowebmx.com\/nota\/wp-json\/wp\/v2\/media?parent=13663"}],"wp:term":[{"taxonomy":"category","embeddable":true,"href":"https:\/\/radiowebmx.com\/nota\/wp-json\/wp\/v2\/categories?post=13663"},{"taxonomy":"post_tag","embeddable":true,"href":"https:\/\/radiowebmx.com\/nota\/wp-json\/wp\/v2\/tags?post=13663"}],"curies":[{"name":"wp","href":"https:\/\/api.w.org\/{rel}","templated":true}]}}