{"id":13572,"date":"2015-02-26T11:28:45","date_gmt":"2015-02-26T17:28:45","guid":{"rendered":"https:\/\/radiowebmx.com\/nota\/?p=13572"},"modified":"2015-02-26T11:28:45","modified_gmt":"2015-02-26T17:28:45","slug":"inauguran-la-primera-reunion-gerencial-de-los-servicios-de-salud-en-michoacan-2015","status":"publish","type":"post","link":"https:\/\/radiowebmx.com\/nota\/inauguran-la-primera-reunion-gerencial-de-los-servicios-de-salud-en-michoacan-2015\/","title":{"rendered":"INAUGURAN LA PRIMERA REUNI\u00d3N GERENCIAL DE LOS SERVICIOS DE SALUD EN MICHOAC\u00c1N 2015"},"content":{"rendered":"<p>A efecto de realizar un diagn\u00f3stico detallado de los servicios de salud que se brindan en el estado de Michoac\u00e1n, \u00a0con el fin de crear un sistema de salud universal, solidario, plural, eficiente y de alta calidad, atendiendo las necesidades de la poblaci\u00f3n michoacana y con una amplia participaci\u00f3n ciudadana, el secretario de Salud, Carlos Aranza Doniz, inaugur\u00f3 la \u201cReuni\u00f3n Gerencial de los Servicios de Salud en Michoac\u00e1n 2015: Planeaci\u00f3n Estrat\u00e9gica\u201d, con sede en la ciudad de P\u00e1tzcuaro.<\/p>\n<p>&nbsp;<\/p>\n<p>En presencia del presidente municipal, Jorge Gabriel Pita Arroyo, agradeci\u00f3 su hospitalidad y dijo estar seguro que as\u00ed como ha contado con el apoyo, respaldo y trabajo en equipo que han realizado de manera conjunta con personal de la Jurisdicci\u00f3n Sanitaria No. 2 para que los servicios de salud lleguen a las personas que m\u00e1s lo necesitan, ese mismo eco, tendr\u00e1 para el desarrollo de esta reuni\u00f3n.<\/p>\n<p>&nbsp;<\/p>\n<p>A decir del titular de la salud en la entidad, este taller de planeaci\u00f3n estrat\u00e9gica tiene por objetivo elaborar una reingenier\u00eda de manera detallada de cada una de las \u00e1reas que conforman la SSM, tanto en las \u00e1reas administrativas y de infraestructura hospitalaria como recursos humanos, medicamentos e insumos.<\/p>\n<p>&nbsp;<\/p>\n<p>Con lo que se pretende contribuir a un desarrollo humano, justo, incluyente y sustentable, mediante la promoci\u00f3n de la salud como objetivo social compartido y el acceso universal a servicios de salud integrales, de alta calidad que satisfagan las necesidades y respondan a las expectativas de la poblaci\u00f3n michoacana.<\/p>\n<p>&nbsp;<\/p>\n<p>Para lo cual, se propone crear acciones\u00a0 que se basen en diez l\u00edneas estrat\u00e9gicas: crear un diagnostico situacional en primer, segundo y tercer nivel de atenci\u00f3n; reingenier\u00eda operativa del organigrama; grupos de alto desempe\u00f1o de respuesta inmediata y seguimiento; cumplimiento de obras, acciones y compromisos presidenciales.<\/p>\n<p>&nbsp;<\/p>\n<p>Asimismo, consolidaci\u00f3n de la poblaci\u00f3n beneficiaria del Seguro Popular a trav\u00e9s de la comunicaci\u00f3n epistolar para la afiliaci\u00f3n y reafiliaci\u00f3n; fortalecimiento de las funciones esenciales en salud p\u00fablica; conformaci\u00f3n del primer Centro Regional de Desarrollo Infantil; participaci\u00f3n social proactiva; fortalecimiento del componente en salud de oportunidades y la Protecci\u00f3n Contra Riesgos Sanitarios.<\/p>\n<p>&nbsp;<\/p>\n<p>Para lo cual, se convoc\u00f3 a toda la estructura y cuerpo de gobierno de esta instituci\u00f3n (jefes de departamento, jefes de jurisdicci\u00f3n, directores de hospitales, directores, subdirectores y cuerpo staff), a efecto de que cada uno de ellos, elaboren un diagnostico situacional en cada uno de sus hospitales, direcciones, centros de salud o departamentos, lo que permita hacer una reconducci\u00f3n en los servicios de salud del estado de Michoac\u00e1n.<\/p>\n<p>&nbsp;<\/p>\n<p>Por ello, se trabajar\u00e1 durante tres d\u00edas de manera ardua (25, 26 y 27 de febrero) sobre temas relacionados con el sistema de salud y modelo de atenci\u00f3n nacional, estatal y local, redes de servicios y sistema de referencia y contra referencia, as\u00ed como atenci\u00f3n prehospitalaria (CRUM).<\/p>\n<p>&nbsp;<\/p>\n<p>Adem\u00e1s de que se elaborar\u00e1 una evaluaci\u00f3n del 2014, a efecto de que en este 2015 la planeaci\u00f3n en los sistemas de salud sea de calidad y efectividad; con lo que se lograr\u00e1 contar con los insumos, medicamentos, personal, equipo y material necesario de acuerdo a la necesidad que as\u00ed lo requiera cada hospital o unidad m\u00e9dica.<\/p>\n<p>&nbsp;<\/p>\n<p>Tambi\u00e9n se expondr\u00e1n en la mesa de trabajo los lineamientos y la normatividad por la que es regida la SSM, uso de la evidencia cient\u00edfica en la toma de decisiones, planeaci\u00f3n estrat\u00e9gica y financiamiento en salud del REPSS.<\/p>\n<p>&nbsp;<\/p>\n<p>Se contar\u00e1 con un taller de planeaci\u00f3n, programaci\u00f3n y presupuestaci\u00f3n y recibir\u00e1n una capacitaci\u00f3n sobre su quehacer como funcionarios durante el proceso electoral, a trav\u00e9s del Instituto Electoral de Michoac\u00e1n (IEM).<\/p>\n<p>&nbsp;<\/p>\n<p>Finalmente el presidente municipal de P\u00e1tzcuaro, felicit\u00f3 a todos y cada uno de los directivos de salud por su trabajo, empe\u00f1o y el entusiasmo por seguir capacit\u00e1ndose y tratar de lograr mejorar los servicios de salud que demandan los patzcuarenses y los michoacanos.<\/p>\n","protected":false},"excerpt":{"rendered":"<p>A efecto de realizar un diagn\u00f3stico detallado de los servicios de salud que se brindan en el estado de Michoac\u00e1n,  con el fin de crear un sistema de salud universal, solidario, plural, eficiente y de alta calidad, atendiendo las necesidades de la poblaci\u00f3n michoacana y con una amplia participaci\u00f3n ciudadana,<\/p>\n","protected":false},"author":1,"featured_media":13573,"comment_status":"open","ping_status":"open","sticky":false,"template":"","format":"standard","meta":{"footnotes":""},"categories":[14,3],"tags":[],"class_list":["post-13572","post","type-post","status-publish","format-standard","has-post-thumbnail","hentry","category-destacadas","category-gobierno-del-estado-de-michoacan"],"_links":{"self":[{"href":"https:\/\/radiowebmx.com\/nota\/wp-json\/wp\/v2\/posts\/13572","targetHints":{"allow":["GET"]}}],"collection":[{"href":"https:\/\/radiowebmx.com\/nota\/wp-json\/wp\/v2\/posts"}],"about":[{"href":"https:\/\/radiowebmx.com\/nota\/wp-json\/wp\/v2\/types\/post"}],"author":[{"embeddable":true,"href":"https:\/\/radiowebmx.com\/nota\/wp-json\/wp\/v2\/users\/1"}],"replies":[{"embeddable":true,"href":"https:\/\/radiowebmx.com\/nota\/wp-json\/wp\/v2\/comments?post=13572"}],"version-history":[{"count":1,"href":"https:\/\/radiowebmx.com\/nota\/wp-json\/wp\/v2\/posts\/13572\/revisions"}],"predecessor-version":[{"id":13574,"href":"https:\/\/radiowebmx.com\/nota\/wp-json\/wp\/v2\/posts\/13572\/revisions\/13574"}],"wp:featuredmedia":[{"embeddable":true,"href":"https:\/\/radiowebmx.com\/nota\/wp-json\/wp\/v2\/media\/13573"}],"wp:attachment":[{"href":"https:\/\/radiowebmx.com\/nota\/wp-json\/wp\/v2\/media?parent=13572"}],"wp:term":[{"taxonomy":"category","embeddable":true,"href":"https:\/\/radiowebmx.com\/nota\/wp-json\/wp\/v2\/categories?post=13572"},{"taxonomy":"post_tag","embeddable":true,"href":"https:\/\/radiowebmx.com\/nota\/wp-json\/wp\/v2\/tags?post=13572"}],"curies":[{"name":"wp","href":"https:\/\/api.w.org\/{rel}","templated":true}]}}