{"id":13568,"date":"2015-02-25T11:22:40","date_gmt":"2015-02-25T17:22:40","guid":{"rendered":"https:\/\/radiowebmx.com\/nota\/?p=13568"},"modified":"2015-02-25T11:22:40","modified_gmt":"2015-02-25T17:22:40","slug":"sedeco-participa-el-primer-encuentro-regional-de-productores-sociales","status":"publish","type":"post","link":"https:\/\/radiowebmx.com\/nota\/sedeco-participa-el-primer-encuentro-regional-de-productores-sociales\/","title":{"rendered":"SEDECO PARTICIPA EL PRIMER ENCUENTRO REGIONAL DE PRODUCTORES SOCIALES"},"content":{"rendered":"<p>Con la finalidad de exponer los productos y servicios de productores, agricultores, artesanos, pescadores del municipio y el estado, que con apoyo de los tres niveles de gobierno se han logrado comercializar y difundir, \u00a0la delegaci\u00f3n en Michoac\u00e1n del Instituto Nacional de la Econom\u00eda Social (INAES) efectu\u00f3 el Primer Encuentro Regional de Productores Sociales, en el marco de la Cruzada contra el Hambre, en el Parque Nacional de Uruapan.<\/p>\n<p>En representaci\u00f3n del secretario de Desarrollo Econ\u00f3mico, Carlos Pfister Huerta-Ca\u00f1edo, el subsecretario de Promoci\u00f3n y Atracci\u00f3n de Inversiones de la Sedeco,\u00a0 Hugo Javier Chagoy\u00e1n P\u00e9rez, resalt\u00f3 la importancia de apoyar y promover los productos y servicios michoacanos, ya que de esta manera se contribuye a la reactivaci\u00f3n \u00a0econ\u00f3mica del estado.<\/p>\n<p>&nbsp;<\/p>\n<p>Por su parte,\u00a0 Jorge D\u00edez de Sollano, Coordinador General de Planeaci\u00f3n y Asistencia T\u00e9cnica del INAES, reconoci\u00f3 la aportaci\u00f3n de cada beneficiario de los proyectos productivos. Asimismo, se\u00f1al\u00f3 que cada comercio familiar, asociaci\u00f3n y comunidad ind\u00edgena es parte de la econom\u00eda social.<\/p>\n<p>&nbsp;<\/p>\n<p>Los representantes de la Sociedad Cooperativa La Panga, la Comunidad Ind\u00edgena de San Juan Nuevo, la empresa Haba Tomic y Productores de Fresa de Angamacutiro, compartieron su experiencia y agradecieron el apoyo recibido en el desarrollo de sus actividades.<\/p>\n<p>&nbsp;<\/p>\n<p>M\u00f3nica S\u00e1nchez Cach\u00fa, delegada del INAES en Michoac\u00e1n, inform\u00f3 que el a\u00f1o pasado se realizaron\u00a0 acciones en 47 municipios, 29 de ellos en el marco de la Cruzada contra el Hambre, al apoyar 150 proyectos con una inversi\u00f3n de 60.3 millones de pesos en dichos municipios.<\/p>\n<p>&nbsp;<\/p>\n<p>En el 2014 por primera ocasi\u00f3n fueron apoyados grupos de los municipios de La Huacana, Churumuco, Coahuayana, Aquila y Coalcom\u00e1n.<\/p>\n<p>&nbsp;<\/p>\n<p>Tambi\u00e9n asistieron al evento Diana Gabriela Hern\u00e1ndez Lomel\u00ed, delegada federal de la Secretaria de Econom\u00eda, regidores y funcionarios municipales.<\/p>\n","protected":false},"excerpt":{"rendered":"<p>Con la finalidad de exponer los productos y servicios de productores, agricultores, artesanos, pescadores del municipio y el estado, que con apoyo de los tres niveles de gobierno se han logrado comercializar y difundir,  <\/p>\n","protected":false},"author":1,"featured_media":13569,"comment_status":"open","ping_status":"open","sticky":false,"template":"","format":"standard","meta":{"footnotes":""},"categories":[14,3],"tags":[],"class_list":["post-13568","post","type-post","status-publish","format-standard","has-post-thumbnail","hentry","category-destacadas","category-gobierno-del-estado-de-michoacan"],"_links":{"self":[{"href":"https:\/\/radiowebmx.com\/nota\/wp-json\/wp\/v2\/posts\/13568","targetHints":{"allow":["GET"]}}],"collection":[{"href":"https:\/\/radiowebmx.com\/nota\/wp-json\/wp\/v2\/posts"}],"about":[{"href":"https:\/\/radiowebmx.com\/nota\/wp-json\/wp\/v2\/types\/post"}],"author":[{"embeddable":true,"href":"https:\/\/radiowebmx.com\/nota\/wp-json\/wp\/v2\/users\/1"}],"replies":[{"embeddable":true,"href":"https:\/\/radiowebmx.com\/nota\/wp-json\/wp\/v2\/comments?post=13568"}],"version-history":[{"count":2,"href":"https:\/\/radiowebmx.com\/nota\/wp-json\/wp\/v2\/posts\/13568\/revisions"}],"predecessor-version":[{"id":13571,"href":"https:\/\/radiowebmx.com\/nota\/wp-json\/wp\/v2\/posts\/13568\/revisions\/13571"}],"wp:featuredmedia":[{"embeddable":true,"href":"https:\/\/radiowebmx.com\/nota\/wp-json\/wp\/v2\/media\/13569"}],"wp:attachment":[{"href":"https:\/\/radiowebmx.com\/nota\/wp-json\/wp\/v2\/media?parent=13568"}],"wp:term":[{"taxonomy":"category","embeddable":true,"href":"https:\/\/radiowebmx.com\/nota\/wp-json\/wp\/v2\/categories?post=13568"},{"taxonomy":"post_tag","embeddable":true,"href":"https:\/\/radiowebmx.com\/nota\/wp-json\/wp\/v2\/tags?post=13568"}],"curies":[{"name":"wp","href":"https:\/\/api.w.org\/{rel}","templated":true}]}}