{"id":13553,"date":"2015-02-25T10:23:26","date_gmt":"2015-02-25T16:23:26","guid":{"rendered":"https:\/\/radiowebmx.com\/nota\/?p=13553"},"modified":"2015-02-25T10:23:26","modified_gmt":"2015-02-25T16:23:26","slug":"llama-secretario-de-gobierno-a-respetar-con-alto-sentido-de-formacion-civica-y-etica-a-los-simbolos-patrios","status":"publish","type":"post","link":"https:\/\/radiowebmx.com\/nota\/llama-secretario-de-gobierno-a-respetar-con-alto-sentido-de-formacion-civica-y-etica-a-los-simbolos-patrios\/","title":{"rendered":"LLAMA SECRETARIO DE GOBIERNO A RESPETAR CON ALTO SENTIDO DE FORMACI\u00d3N C\u00cdVICA Y \u00c9TICA A LOS S\u00cdMBOLOS PATRIOS"},"content":{"rendered":"<p>Al fungir como orador oficial en la conmemoraci\u00f3n del D\u00eda de la Bandera, el secretario de Gobierno, Jaime Esparza Cortina, exhort\u00f3 a respetar y amar la ense\u00f1a nacional en la que se encuentra sintetizado el sacrificio de todos los h\u00e9roes que dieron patria y libertad.<\/p>\n<p>&nbsp;<\/p>\n<p>Con entusiasmo y fervor patrio, dijo, se celebra este d\u00eda, una de las efem\u00e9rides m\u00e1s importantes de la historia nacional, el D\u00eda de la Bandera, cuyo origen proviene de la consumaci\u00f3n de la Guerra de Independencia, la creaci\u00f3n del Ej\u00e9rcito Trigarante y la hist\u00f3rica y primigenia bandera de los tres colores en forma horizontal.<\/p>\n<p>&nbsp;<\/p>\n<p>\u201cEn este emblema se conserva la tradici\u00f3n de la lucha de nuestros antepasados por legarnos la herencia cultural y pol\u00edtica que ha conformado y dado solidez a M\u00e9xico\u201d, complement\u00f3.<\/p>\n<p>&nbsp;<\/p>\n<p>Luego de rememorar en su discurso, la historia de la bandera mexicana, Esparza Cortina expres\u00f3 que en este s\u00edmbolo nacional se refleja la esperanza de un mejor destino para la ni\u00f1ez y la juventud, misma que sigue inspirando al trabajo sin descanso y en forma creciente, en la edificaci\u00f3n y garant\u00eda de un mejor desarrollo, con calidad de vida para todos los mexicanos.<\/p>\n<p>&nbsp;<\/p>\n<p>\u201cEste d\u00eda, honramos a nuestro L\u00e1baro Patrio, festejo que se instituy\u00f3 en 1940, durante el gobierno del general L\u00e1zaro C\u00e1rdenas; es decir, hoy conmemoramos 75 a\u00f1os honrando el s\u00edmbolo y la representaci\u00f3n nacional mexicana ante el mundo\u201d.<\/p>\n<p>&nbsp;<\/p>\n<p>Y sigui\u00f3: \u201cLa bandera nacional es el alma y esp\u00edritu de todos los que formamos parte de esta gran familia que se llama M\u00e9xico\u201d.<\/p>\n<p>&nbsp;<\/p>\n<p>Para finalizar, llam\u00f3 a respetar con alto sentido de formaci\u00f3n c\u00edvica y \u00e9tica a los s\u00edmbolos patrios, toda vez que son la esencia y herencia de los valores que nos fortalecen como pueblo mexicano.<\/p>\n<p>&nbsp;<\/p>\n<p>Asimismo, reconoci\u00f3 y felicit\u00f3 la labor del Patronato Pro-Construcci\u00f3n del Asta Bandera Monumental de Morelia, quienes desde el a\u00f1o 2000, trabajaron para la edificaci\u00f3n de este espacio digno que un a\u00f1o despu\u00e9s, en 2001, se vio cristalizado en este s\u00edmbolo de la ciudad.<\/p>\n<p>&nbsp;<\/p>\n<p>\u201cCon una colecta aproximada de un mill\u00f3n de pesos y la generosa donaci\u00f3n del Asta Bandera y el primer Lienzo Tricolor por parte de la Secretar\u00eda de la Defensa Nacional, hace 14 a\u00f1os los michoacanos y quienes visitan nuestro bello estado, admiramos este extraordinario trabajo gracias al noble esfuerzo ciudadano y quienes coordinadamente hicieron posible su realizaci\u00f3n\u201d, concluy\u00f3.<\/p>\n<p>&nbsp;<\/p>\n<p>A este evento asistieron entre otros; el presidente municipal de Morelia, Wilfrido L\u00e1zaro Medina; la diputada Adriana Gabriela Ceballos Hern\u00e1ndez; el general Jos\u00e9 Francisco Morales C\u00e1zares, comandante de la XXI Zona Militar; el rector de la Universidad Michoacana de San Nicol\u00e1s de Hidalgo, Medardo Serna Gonz\u00e1lez; Juan Otilio Sandoval Perea, coordinador general de Evaluaci\u00f3n y Planeaci\u00f3n Educativa; el s\u00edndico municipal, Salvador Abud Mirabent; Luis Manuel Valencia Flores, integrante del Patronato Pro Construcci\u00f3n del Asta Bandera Monumental y la ni\u00f1a, Estefan\u00eda Vieyra Ch\u00e1vez alumna distinguida de la Escuela Secundaria Federal Sim\u00f3n Bol\u00edvar.<\/p>\n","protected":false},"excerpt":{"rendered":"<p>Al fungir como orador oficial en la conmemoraci\u00f3n del D\u00eda de la Bandera, el secretario de Gobierno, Jaime Esparza Cortina, exhort\u00f3 a respetar y amar la ense\u00f1a nacional en la que se encuentra sintetizado el sacrificio de todos los h\u00e9roes que dieron patria y libertad.<\/p>\n","protected":false},"author":1,"featured_media":13554,"comment_status":"open","ping_status":"open","sticky":false,"template":"","format":"standard","meta":{"footnotes":""},"categories":[14,3],"tags":[],"class_list":["post-13553","post","type-post","status-publish","format-standard","has-post-thumbnail","hentry","category-destacadas","category-gobierno-del-estado-de-michoacan"],"_links":{"self":[{"href":"https:\/\/radiowebmx.com\/nota\/wp-json\/wp\/v2\/posts\/13553","targetHints":{"allow":["GET"]}}],"collection":[{"href":"https:\/\/radiowebmx.com\/nota\/wp-json\/wp\/v2\/posts"}],"about":[{"href":"https:\/\/radiowebmx.com\/nota\/wp-json\/wp\/v2\/types\/post"}],"author":[{"embeddable":true,"href":"https:\/\/radiowebmx.com\/nota\/wp-json\/wp\/v2\/users\/1"}],"replies":[{"embeddable":true,"href":"https:\/\/radiowebmx.com\/nota\/wp-json\/wp\/v2\/comments?post=13553"}],"version-history":[{"count":1,"href":"https:\/\/radiowebmx.com\/nota\/wp-json\/wp\/v2\/posts\/13553\/revisions"}],"predecessor-version":[{"id":13555,"href":"https:\/\/radiowebmx.com\/nota\/wp-json\/wp\/v2\/posts\/13553\/revisions\/13555"}],"wp:featuredmedia":[{"embeddable":true,"href":"https:\/\/radiowebmx.com\/nota\/wp-json\/wp\/v2\/media\/13554"}],"wp:attachment":[{"href":"https:\/\/radiowebmx.com\/nota\/wp-json\/wp\/v2\/media?parent=13553"}],"wp:term":[{"taxonomy":"category","embeddable":true,"href":"https:\/\/radiowebmx.com\/nota\/wp-json\/wp\/v2\/categories?post=13553"},{"taxonomy":"post_tag","embeddable":true,"href":"https:\/\/radiowebmx.com\/nota\/wp-json\/wp\/v2\/tags?post=13553"}],"curies":[{"name":"wp","href":"https:\/\/api.w.org\/{rel}","templated":true}]}}