{"id":13546,"date":"2015-02-24T13:36:43","date_gmt":"2015-02-24T19:36:43","guid":{"rendered":"https:\/\/radiowebmx.com\/nota\/?p=13546"},"modified":"2015-02-24T13:36:43","modified_gmt":"2015-02-24T19:36:43","slug":"asiste-lazaro-medina-a-la-inauguracion-del-xxv-festival-internacional-de-guitarra-de-morelia","status":"publish","type":"post","link":"https:\/\/radiowebmx.com\/nota\/asiste-lazaro-medina-a-la-inauguracion-del-xxv-festival-internacional-de-guitarra-de-morelia\/","title":{"rendered":"ASISTE  L\u00c1ZARO MEDINA  A LA INAUGURACI\u00d3N  DEL XXV FESTIVAL INTERNACIONAL DE GUITARRA DE MORELIA"},"content":{"rendered":"<p>El alcalde de Morelia, Wilfrido L\u00e1zaro Medina, asisti\u00f3 a la\u00a0inauguraci\u00f3n\u00a0del XXV\u00a0Festival\u00a0Internacional de Guitarra\u00a0de Morelia (FIGM), en compa\u00f1\u00eda de su esposa, la se\u00f1ora Margarita Oribio, que se realizar\u00e1 del 23 al 27 de febrero en la capital michoacana, y tiene como invitado especial al guitarrista escoc\u00e9s David Russel.<\/p>\n<p>\u201cEstamos aqu\u00ed para Sumar Voluntades por el arte, y reconocer la trayectoria de un gran moreliano, el creador de este festival: el maestro Ra\u00fal Olmos Torres. El Festival\u00a0 cumple\u00a0 hoy un cuarto de siglo, decenas de pa\u00edses se han hermanado en este escenario. \u00c9sta es la grandeza que ha podido aportar el pueblo,\u00a0 inspirado en el Patrimonio Cultural del Primer Conservatorio de M\u00fasica de Am\u00e9rica, el de Las Rosas, Morelia les da la m\u00e1s cordial bienvenida\u201d, manifest\u00f3 L\u00e1zaro Medina.<\/p>\n<p>La\u00a0inauguraci\u00f3n\u00a0se realiz\u00f3 a las 20:30 horas en el Teatro Ocampo, donde se presentaron los maestros Benedicto Becker y Abel Garc\u00eda, as\u00ed como la Camerata de Santiago de Quer\u00e9taro, bajo la direcci\u00f3n de Jes\u00fas Almanza.<\/p>\n<p>A 25 a\u00f1os de inicio de del Festival, se ha logrado crear un foro importante que muestra el trabajo guitarr\u00edstico, y en esta edici\u00f3n, participar\u00e1n m\u00e1s de 30 artistas michoacanos, mexicanos e invitados\u00a0 de Turqu\u00eda, Paraguay, Uruguay, Brasil y Colombia.<\/p>\n<p>Por primera vez, el FIGM llevar\u00e1 conciertos a las 12\u00a0 tenencias del municipio de Morelia y a un par de colonias, lugares a los que se llevar\u00e1n int\u00e9rpretes locales e internacionales, y tendr\u00e1 extensiones en los municipios de Tlalpujahua, Maravat\u00edo, Hidalgo, La Piedad, P\u00e1tzcuaro, Uruapan, Paracho, L\u00e1zaro C\u00e1rdenas y Zacapu.<\/p>\n<p>Los artistas participantes en el FIGM confirman, una vez m\u00e1s, con el objetivo de fortalecer la interpretaci\u00f3n de la guitarra en la entidad y crear un espacio de alto nivel art\u00edstico donde los artistas locales, nacionales e internacionales, tengan la oportunidad de expresar su t\u00e9cnica, su conocimiento y compartir diferentes experiencias en torno al instrumento tan mexicano, que le da una personalidad a la cultura musical del pa\u00eds, explic\u00f3 el director de Promoci\u00f3n y Fomento Cultural de la Secum, Ra\u00fal Olmos Torres.<\/p>\n<p>Los funcionarios municipales y del gobierno estatal inauguraron la exposici\u00f3n \u00a0\u201cLauder\u00eda Mexicana\u201d del maestro Arnulfo Rubio, antes de arrancar las actividades musicales del\u00a0Festival.<\/p>\n","protected":false},"excerpt":{"rendered":"<p>El alcalde de Morelia, Wilfrido L\u00e1zaro Medina, asisti\u00f3 a la inauguraci\u00f3n del XXV Festival Internacional de Guitarra de Morelia (FIGM), en compa\u00f1\u00eda de su esposa, la se\u00f1ora Margarita Oribio, que se realizar\u00e1 del 23 al 27 de febrero en la capital michoacana, y tiene como invitado especial al guitarrista escoc\u00e9s David Russel.<\/p>\n","protected":false},"author":1,"featured_media":13547,"comment_status":"open","ping_status":"open","sticky":false,"template":"","format":"standard","meta":{"footnotes":""},"categories":[14,9],"tags":[],"class_list":["post-13546","post","type-post","status-publish","format-standard","has-post-thumbnail","hentry","category-destacadas","category-morelia"],"_links":{"self":[{"href":"https:\/\/radiowebmx.com\/nota\/wp-json\/wp\/v2\/posts\/13546","targetHints":{"allow":["GET"]}}],"collection":[{"href":"https:\/\/radiowebmx.com\/nota\/wp-json\/wp\/v2\/posts"}],"about":[{"href":"https:\/\/radiowebmx.com\/nota\/wp-json\/wp\/v2\/types\/post"}],"author":[{"embeddable":true,"href":"https:\/\/radiowebmx.com\/nota\/wp-json\/wp\/v2\/users\/1"}],"replies":[{"embeddable":true,"href":"https:\/\/radiowebmx.com\/nota\/wp-json\/wp\/v2\/comments?post=13546"}],"version-history":[{"count":1,"href":"https:\/\/radiowebmx.com\/nota\/wp-json\/wp\/v2\/posts\/13546\/revisions"}],"predecessor-version":[{"id":13548,"href":"https:\/\/radiowebmx.com\/nota\/wp-json\/wp\/v2\/posts\/13546\/revisions\/13548"}],"wp:featuredmedia":[{"embeddable":true,"href":"https:\/\/radiowebmx.com\/nota\/wp-json\/wp\/v2\/media\/13547"}],"wp:attachment":[{"href":"https:\/\/radiowebmx.com\/nota\/wp-json\/wp\/v2\/media?parent=13546"}],"wp:term":[{"taxonomy":"category","embeddable":true,"href":"https:\/\/radiowebmx.com\/nota\/wp-json\/wp\/v2\/categories?post=13546"},{"taxonomy":"post_tag","embeddable":true,"href":"https:\/\/radiowebmx.com\/nota\/wp-json\/wp\/v2\/tags?post=13546"}],"curies":[{"name":"wp","href":"https:\/\/api.w.org\/{rel}","templated":true}]}}