{"id":13540,"date":"2015-02-24T13:30:57","date_gmt":"2015-02-24T19:30:57","guid":{"rendered":"https:\/\/radiowebmx.com\/nota\/?p=13540"},"modified":"2015-02-24T13:30:57","modified_gmt":"2015-02-24T19:30:57","slug":"ayuntamiento-firma-convenio-con-cbta-no-7-para-capacitar-estudiantes-en-temas-de-separacion-de-residuos-y-cuidado-el-medio-ambiente","status":"publish","type":"post","link":"https:\/\/radiowebmx.com\/nota\/ayuntamiento-firma-convenio-con-cbta-no-7-para-capacitar-estudiantes-en-temas-de-separacion-de-residuos-y-cuidado-el-medio-ambiente\/","title":{"rendered":"AYUNTAMIENTO FIRMA CONVENIO CON CBTA NO. 7 PARA  CAPACITAR ESTUDIANTES EN TEMAS DE SEPARACI\u00d3N DE RESIDUOS Y CUIDADO EL MEDIO AMBIENTE"},"content":{"rendered":"<p>El Ayuntamiento de Morelia, a trav\u00e9s de la Secretar\u00eda de Servicios P\u00fablicos, y su titular Iv\u00e1n Rodr\u00edguez Medina, firm\u00f3 un convenio de colaboraci\u00f3n con el Centro de Bachillerato Tecnol\u00f3gico Agropecuario No. 7 (CBTA), con el objetivo de motivar a las instituciones educativas del municipio a cuidar el medio ambiente.<\/p>\n<p>&nbsp;<\/p>\n<p>M\u00e1s de mil estudiantes del nivel Medio Superior en las 5 carreras t\u00e9cnicas con que cuenta el CBTA No. 7 (Agropecuaria, Inform\u00e1tica, Recursos Humanos, Administraci\u00f3n y Contabilidad, as\u00ed como Rehabilitaci\u00f3n y Mejoramiento Ambiental), ser\u00e1n capacitados para arrancar este a\u00f1o el programa \u201cEscuela Sustentable\u201d.<\/p>\n<p>&nbsp;<\/p>\n<p>Mediante diferentes actividades encaminadas a consolidar la Gesti\u00f3n Integral de Residuos en Morelia, la plantilla docente, integrada por 60 profesores de todas las asignaturas, el personal administrativo y de apoyo, conformado por 40 personas que colaboran en las labores de limpieza, mantenimiento y administraci\u00f3n de la escuela as\u00ed como los encargados de las cooperativas, recibir\u00e1n capacitaci\u00f3n para alcanzar la separaci\u00f3n adecuada de residuos en Sanitarios, Org\u00e1nicos y Separados (Programa S.O.S. de la Direcci\u00f3n de Aseo P\u00fablico).<\/p>\n<p>&nbsp;<\/p>\n<p>Con dichas acciones, se espera la reducci\u00f3n de hasta en un 60 por ciento de los residuos que genera esta instituci\u00f3n educativa, la cual produce a la semana media tonelada de residuos s\u00f3lidos urbanos y que son depositados en el Relleno Sanitario Municipal.<\/p>\n<p>&nbsp;<\/p>\n<p>Adem\u00e1s, con la implementaci\u00f3n de las acciones derivadas del convenio se pretende dar un mayor impulso al \u00e1rea mediante capacitaciones de las Direcciones de Aseo y Parques y Jardines, para lograr avances en la que es considerada la primera escuela en la regi\u00f3n que aborda el \u00e1mbito agropecuario, desde que fue fundada hace 43 a\u00f1os.<\/p>\n<p>&nbsp;<\/p>\n<p>El secretario servicios p\u00fablicos municipales, Iv\u00e1n Rodr\u00edguez, precis\u00f3 que \u201cel planeta es lo \u00fanico que compartidos todos los seres humanos y por las diferentes se\u00f1ales que la naturaleza ha mostrado en los \u00faltimos a\u00f1os es notario el deterioro de la misma, por ello es cuando se hace necesario que los j\u00f3venes repliquen en sus hogares h\u00e1bitos ambientales, como es la separaci\u00f3n de residuos\u201d.<\/p>\n<p>&nbsp;<\/p>\n<p>Aprovech\u00f3 para felicitar al alumnado por contar con una escuela innovadora y limpia, en donde cada uno asume un papel determinante para dar continuidad a este proyecto de la mano de su gobierno municipal.<\/p>\n<p>&nbsp;<\/p>\n<p>Por su parte, el director del CBTA 7, Juan Carlos V\u00e1zquez, precis\u00f3 que como formadores de futuras generaciones los estudiantes deben contribuir a su entorno y por ello sumar voluntades con el Ayuntamiento para convertirse en un plantel piloto del Programa \u201cEscuela Sustentable\u201d, \u201cy emprender acciones s\u00f3lidas que ayuden al medio ambiente, para que estemos en la posibilidad de implementar este programa en los 250 planteles que existen a nivel nacional\u201d, se\u00f1al\u00f3.<\/p>\n","protected":false},"excerpt":{"rendered":"<p>El Ayuntamiento de Morelia, a trav\u00e9s de la Secretar\u00eda de Servicios P\u00fablicos, y su titular Iv\u00e1n Rodr\u00edguez Medina, firm\u00f3 un convenio de colaboraci\u00f3n con el Centro de Bachillerato Tecnol\u00f3gico Agropecuario No. 7 (CBTA), con el objetivo de motivar a las instituciones educativas del municipio a cuidar el medio ambiente.<\/p>\n","protected":false},"author":1,"featured_media":13541,"comment_status":"open","ping_status":"open","sticky":false,"template":"","format":"standard","meta":{"footnotes":""},"categories":[14,9],"tags":[],"class_list":["post-13540","post","type-post","status-publish","format-standard","has-post-thumbnail","hentry","category-destacadas","category-morelia"],"_links":{"self":[{"href":"https:\/\/radiowebmx.com\/nota\/wp-json\/wp\/v2\/posts\/13540","targetHints":{"allow":["GET"]}}],"collection":[{"href":"https:\/\/radiowebmx.com\/nota\/wp-json\/wp\/v2\/posts"}],"about":[{"href":"https:\/\/radiowebmx.com\/nota\/wp-json\/wp\/v2\/types\/post"}],"author":[{"embeddable":true,"href":"https:\/\/radiowebmx.com\/nota\/wp-json\/wp\/v2\/users\/1"}],"replies":[{"embeddable":true,"href":"https:\/\/radiowebmx.com\/nota\/wp-json\/wp\/v2\/comments?post=13540"}],"version-history":[{"count":1,"href":"https:\/\/radiowebmx.com\/nota\/wp-json\/wp\/v2\/posts\/13540\/revisions"}],"predecessor-version":[{"id":13542,"href":"https:\/\/radiowebmx.com\/nota\/wp-json\/wp\/v2\/posts\/13540\/revisions\/13542"}],"wp:featuredmedia":[{"embeddable":true,"href":"https:\/\/radiowebmx.com\/nota\/wp-json\/wp\/v2\/media\/13541"}],"wp:attachment":[{"href":"https:\/\/radiowebmx.com\/nota\/wp-json\/wp\/v2\/media?parent=13540"}],"wp:term":[{"taxonomy":"category","embeddable":true,"href":"https:\/\/radiowebmx.com\/nota\/wp-json\/wp\/v2\/categories?post=13540"},{"taxonomy":"post_tag","embeddable":true,"href":"https:\/\/radiowebmx.com\/nota\/wp-json\/wp\/v2\/tags?post=13540"}],"curies":[{"name":"wp","href":"https:\/\/api.w.org\/{rel}","templated":true}]}}