{"id":13466,"date":"2015-02-23T11:20:00","date_gmt":"2015-02-23T17:20:00","guid":{"rendered":"https:\/\/radiowebmx.com\/nota\/?p=13466"},"modified":"2015-02-23T11:20:00","modified_gmt":"2015-02-23T17:20:00","slug":"nunca-podran-mas-el-mal-y-la-delincuencia-sobre-el-bien-la-justicia-y-la-libertad-sjg","status":"publish","type":"post","link":"https:\/\/radiowebmx.com\/nota\/nunca-podran-mas-el-mal-y-la-delincuencia-sobre-el-bien-la-justicia-y-la-libertad-sjg\/","title":{"rendered":"NUNCA PODR\u00c1N M\u00c1S EL MAL Y LA DELINCUENCIA SOBRE EL BIEN, LA JUSTICIA Y LA LIBERTAD: SJG"},"content":{"rendered":"<p>Todos los michoacanos lamentamos mucho la p\u00e9rdida de un gran h\u00e9roe que dio su vida en el ejercicio del deber ante uno de los actos m\u00e1s viles y dolorosos que aquejan a la sociedad como es el secuestro, extern\u00f3 el gobernador de Michoac\u00e1n, Salvador Jara Guerrero, durante la ceremonia de honores f\u00fanebres al agente de la Polic\u00eda Ministerial, Jos\u00e9 Manuel Campos Nolazco, quien perdi\u00f3 la vida en el cumplimiento de su deber.<\/p>\n<p>Ante la familia del fenecido, amigos y compa\u00f1eros de labores, el mandatario estatal destac\u00f3 que Campos Nolazco es un ejemplo a seguir para todos los michoacanos, pues al realizar el m\u00e1ximo sacrificio que puede hacer un ser humano, nos recuerda dijo, \u201cque nunca podr\u00e1n m\u00e1s el mal y la delincuencia sobre el bien, la justicia y la libertad\u201d.<\/p>\n<p>\u201cCon este acto Jos\u00e9 Manuel nos dej\u00f3 claro un mensaje: que seguimos contando con polic\u00edas honestos, responsables, valientes, que est\u00e1n dispuestos a dar todo para que los ciudadanos estemos tranquilos y a salvo en cualquier lugar en el que nos encontremos\u201d, recalc\u00f3 el titular del Poder Ejecutivo en la entidad.<\/p>\n<p>En este marco, Jara Guerrero ofreci\u00f3 condolencias y muestras de solidaridad a la se\u00f1ora Olivia Guti\u00e9rrez Ram\u00edrez, viuda del agente de la Polic\u00eda Ministerial.<\/p>\n<p>Luego de afirmar que los delincuentes est\u00e1n perdiendo la batalla, el gobernador evoc\u00f3 que\u00a0 \u201cJos\u00e9 Manuel fue un joven de 30 a\u00f1os convencido de que es posible construir un Michoac\u00e1n y un M\u00e9xico seguros, donde la corrupci\u00f3n y la impunidad no sean el c\u00e1ncer que acabe con nuestro pa\u00eds; ha dado su vida para que no lo olvidemos\u201d.<\/p>\n<p>Por su parte, Jos\u00e9 Mart\u00edn Godoy Castro, titular de la Procuradur\u00eda General de Justicia del Estado de Michoac\u00e1n (PGJE), expuso que la dependencia se encuentra de luto, como consecuencia de la p\u00e9rdida de una persona de gran val\u00eda que, durante m\u00e1s de cinco a\u00f1os, prest\u00f3 su servicio a dicha instituci\u00f3n que \u00e9l mismo concibi\u00f3 como un \u00e1rea de oportunidad para servir a los ciudadanos.<\/p>\n<p>El funcionario estatal subray\u00f3 que de enero de 2014 a la fecha, gracias al trabajo y esfuerzo de la Unidad Especializada para el Combate al Secuestro, de la que Jos\u00e9 Manuel form\u00f3 parte, se ha logrado la detenci\u00f3n de 272 secuestradores y la desarticulaci\u00f3n de 56 bandas delictivas dedicadas a esta actividad, lo que consider\u00f3, ha contribuido a reducir significativamente la violencia en Michoac\u00e1n.<\/p>\n<p>\u201cPor eso, hoy m\u00e1s que nunca es nuestra obligaci\u00f3n que en Michoac\u00e1n sigamos trabajando en la construcci\u00f3n de instituciones fuertes y s\u00f3lidas que garanticen seguridad y justicia a los michoacanos\u2026 por Jos\u00e9 Manuel Campos Nolazco, por Michoac\u00e1n, la Procuradur\u00eda General de Justicia seguir\u00e1 firme, no hay paso atr\u00e1s\u201d, recalc\u00f3.<\/p>\n<p>El procurador mencion\u00f3 que Jos\u00e9 Manuel Campos Nolazco era originario de la ciudad de Zamora y lleg\u00f3 a la ciudad de Morelia a estudiar la carrera de Licenciado en Derecho en la Universidad Michoacana de San Nicol\u00e1s de Hidalgo (UMSNH), instituci\u00f3n que a su consideraci\u00f3n, le dio las herramientas te\u00f3ricas para afianzar su vocaci\u00f3n y deseo de hacer el bien a los dem\u00e1s.<\/p>\n<p>A\u00f1adi\u00f3 que una vez concluidos sus estudios superiores, el agente se incorpor\u00f3 a las filas de la Polic\u00eda Ministerial en el a\u00f1o 2008, campo en el que dijo,\u00a0 se entreg\u00f3 sin condici\u00f3n, enfrentando riesgos y plenamente convencido de que su esfuerzo y trabajo no eran en vano.<\/p>\n<p>Una vez concluida la ceremonia de honores f\u00fanebres en las instalaciones de la PGJE, el gobernador del estado, Salvador Jara Guerrero, entreg\u00f3 la Bandera Nacional a los familiares del agente de la Polic\u00eda Ministerial ca\u00eddo y posteriormente mont\u00f3 una guardia de honor ante el f\u00e9retro.<\/p>\n","protected":false},"excerpt":{"rendered":"<p>Todos los michoacanos lamentamos mucho la p\u00e9rdida de un gran h\u00e9roe que dio su vida en el ejercicio del deber ante uno de los actos m\u00e1s viles y dolorosos que aquejan a la sociedad como es el secuestro, extern\u00f3 el gobernador de Michoac\u00e1n, Salvador Jara Guerrero, <\/p>\n","protected":false},"author":1,"featured_media":13467,"comment_status":"open","ping_status":"open","sticky":false,"template":"","format":"standard","meta":{"footnotes":""},"categories":[14,3],"tags":[],"class_list":["post-13466","post","type-post","status-publish","format-standard","has-post-thumbnail","hentry","category-destacadas","category-gobierno-del-estado-de-michoacan"],"_links":{"self":[{"href":"https:\/\/radiowebmx.com\/nota\/wp-json\/wp\/v2\/posts\/13466","targetHints":{"allow":["GET"]}}],"collection":[{"href":"https:\/\/radiowebmx.com\/nota\/wp-json\/wp\/v2\/posts"}],"about":[{"href":"https:\/\/radiowebmx.com\/nota\/wp-json\/wp\/v2\/types\/post"}],"author":[{"embeddable":true,"href":"https:\/\/radiowebmx.com\/nota\/wp-json\/wp\/v2\/users\/1"}],"replies":[{"embeddable":true,"href":"https:\/\/radiowebmx.com\/nota\/wp-json\/wp\/v2\/comments?post=13466"}],"version-history":[{"count":1,"href":"https:\/\/radiowebmx.com\/nota\/wp-json\/wp\/v2\/posts\/13466\/revisions"}],"predecessor-version":[{"id":13468,"href":"https:\/\/radiowebmx.com\/nota\/wp-json\/wp\/v2\/posts\/13466\/revisions\/13468"}],"wp:featuredmedia":[{"embeddable":true,"href":"https:\/\/radiowebmx.com\/nota\/wp-json\/wp\/v2\/media\/13467"}],"wp:attachment":[{"href":"https:\/\/radiowebmx.com\/nota\/wp-json\/wp\/v2\/media?parent=13466"}],"wp:term":[{"taxonomy":"category","embeddable":true,"href":"https:\/\/radiowebmx.com\/nota\/wp-json\/wp\/v2\/categories?post=13466"},{"taxonomy":"post_tag","embeddable":true,"href":"https:\/\/radiowebmx.com\/nota\/wp-json\/wp\/v2\/tags?post=13466"}],"curies":[{"name":"wp","href":"https:\/\/api.w.org\/{rel}","templated":true}]}}