{"id":13463,"date":"2015-02-23T11:17:45","date_gmt":"2015-02-23T17:17:45","guid":{"rendered":"https:\/\/radiowebmx.com\/nota\/?p=13463"},"modified":"2015-02-23T11:17:45","modified_gmt":"2015-02-23T17:17:45","slug":"invertira-embajada-espanola-150-mil-euros-en-la-ruta-don-vasco","status":"publish","type":"post","link":"https:\/\/radiowebmx.com\/nota\/invertira-embajada-espanola-150-mil-euros-en-la-ruta-don-vasco\/","title":{"rendered":"INVERTIR\u00c1 EMBAJADA ESPA\u00d1OLA 150 MIL EUROS EN LA RUTA DON VASCO"},"content":{"rendered":"<p>El embajador de Espa\u00f1a en M\u00e9xico,<b> <\/b>Luis Fern\u00e1ndez Cid de las Alas Pumari\u00f1o, dio a conocer que este a\u00f1o se invertir\u00e1n 150 mil euros para impulsar la segunda etapa de rehabilitaci\u00f3n de viviendas tradicionales en este Pueblo M\u00e1gico, adicionales a los 5 millones de pesos que se han destinado para la recuperaci\u00f3n de casas de familias vulnerables en esta poblaci\u00f3n.<\/p>\n<p>Como muestra de la cooperaci\u00f3n entre comunidades de M\u00e9xico y Espa\u00f1a, y como parte de las acciones del Plan Michoac\u00e1n que opera la Secretar\u00eda de Relaciones Exteriores, el gobernador Salvador Jara Guerrero, el embajador Luis Fern\u00e1ndez, y el enlace de alto nivel de la SRE para el estado, Emilio Su\u00e1rez Licona, entregaron las 19 acciones de Rehabilitaci\u00f3n de Viviendas en la Ruta Don Vasco, que favorecen a 148 habitantes de este municipio.<\/p>\n<p>En el emblem\u00e1tico ex convento franciscano de Santa Ana, las autoridades informaron que estas labores corresponden al ejercicio 2014 y dan continuidad a \u00a0un programa que inici\u00f3 en 2007 con el prop\u00f3sito de mejorar la imagen urbana de Tzintzuntzan, recuperar la tradici\u00f3n en la arquitectura local, generar empleos, promover el consumo de insumos y herramientas de la comunidad, incentivar el turismo, as\u00ed como dignificar y elevar la calidad de vida de las familias m\u00e1s desprotegidas.<\/p>\n<p>La mejora de las 19 viviendas entregadas requiri\u00f3 de una inversi\u00f3n global de 5 millones 133 mil 400 pesos, de los cuales, 90 mil euros (1.5 millones de pesos aproximadamente) fueron aportados por la Agencia Espa\u00f1ola de Cooperaci\u00f3n para el Desarrollo Internacional, una cantidad igual por parte de la Agencia Mexicana (AMEXCID); un mill\u00f3n 320 mil pesos del Gobierno del Estado a trav\u00e9s de la Secretar\u00eda de Urbanismo y Medio Ambiente, y 20 mil euros (342 mil pesos aproximadamente) de la Junta de Andaluc\u00eda.<\/p>\n<p>El canciller espa\u00f1ol Luis Fern\u00e1ndez, inform\u00f3 que para este 2015 la Agencia Espa\u00f1ola de Cooperaci\u00f3n para el Desarrollo Internacional destinar\u00e1 150 mil euros (2.5 millones de pesos aprox.) para la segunda fase de rehabilitaci\u00f3n de viviendas, ya que la meta es mejorar 62 hogares, para lo cual adem\u00e1s se constituy\u00f3 un fideicomiso.<\/p>\n<p>El embajador afirm\u00f3 que Michoac\u00e1n es uno de los estados prioritarios para la cooperaci\u00f3n, adem\u00e1s la regi\u00f3n pur\u00e9pecha concentra la mayor riqueza cultural y es parte de la identidad de nuestro estado, de ah\u00ed que se eligiera para emprender este programa que ha permitido mejorar 143 viviendas de Santa Fe de la Laguna, Erongar\u00edcuaro y Tzintzuntzan.<\/p>\n<p><b>MICHOAC\u00c1N Y ESPA\u00d1A, COOPERACI\u00d3N EJEMPLAR<\/b><\/p>\n<p>Por su parte, el gobernador Salvador Jara destac\u00f3 que la cooperaci\u00f3n lograda mediante este programa es ejemplar en el mundo y debe replicarse en otras regiones por su impacto en la poblaci\u00f3n y porque abona a que haya igualdad y dignidad en la sociedad.<\/p>\n<p>Este proyecto no puede uno pensarlo sin recordar a un gran espa\u00f1ol que lo pensamos como michoacano: Tata Vasco, alguien que pudo ver hacia el futuro. La alianza que hubo en esa \u00e9poca por el desarrollo de Michoac\u00e1n se vuelve a dar en este momento, \u00a0enfatiz\u00f3 Jara Guerrero.<\/p>\n<p>El mandatario michoacano, tras reconocer a la embajada y agencia espa\u00f1olas, a la SRE y al ayuntamiento local por el empe\u00f1o y liderazgo para llevar a cabo estos trabajos, subray\u00f3 que su gobierno impulsa la Contralor\u00eda Social para que sean los propios ciudadanos los que vigilen que recursos destinados a este tipo de proyectos se \u00a0apliquen de manera transparente.<\/p>\n<p>Bruno Figueroa Fischer, director de Cooperaci\u00f3n T\u00e9cnica y Cient\u00edfica de la AMEXCID, se\u00f1al\u00f3 que este proyecto fue seleccionado con sumo cuidado por los socios de la Agencia de Cooperaci\u00f3n de Espa\u00f1a y el Gobierno del Estado para que tuviera el mayor impacto posible en la mejora de vida de la poblaci\u00f3n.<\/p>\n<p>Refiri\u00f3 adem\u00e1s que al ser la Ruta Don Vasco el mejor producto activo de turismo en 2011, galard\u00f3n obtenido en la Feria Internacional de Turismo de Madrid, es que se eligi\u00f3 esta zona del estado para impulsar la conservaci\u00f3n y preservaci\u00f3n de la historia, cultura y arquitectura de un Pueblo M\u00e1gico, para que ingrese m\u00e1s turismo con la correspondiente derrama econ\u00f3mica y que sirva de ejemplo para que los habitantes que tengan capacidad, puedan restaurar sus casas con material y t\u00e9cnicas tradicionales locales.<\/p>\n<p>Detall\u00f3 que las viviendas seleccionadas fueron elegidas con criterio social, siendo beneficiarios principalmente personas de la tercera edad, mujeres solas, con discapacidad y algunos talleres de artesan\u00eda.<\/p>\n<p>Tambi\u00e9n, Emilio Su\u00e1rez Licona, director general de Coordinaci\u00f3n Pol\u00edtica y enlace de la Secretar\u00eda de Relaciones Exteriores, manifest\u00f3 que a trav\u00e9s de la herencia de Don Vasco y el trabajo de la poblaci\u00f3n, Michoac\u00e1n es un referente artesanal en el continente, por eso se decidi\u00f3 integrar este programa de rehabilitaci\u00f3n de vivienda al Plan Michoac\u00e1n, con los resultados que hoy en d\u00eda se observan.<\/p>\n<p>Al t\u00e9rmino de la presentaci\u00f3n de resultados del proyecto, las autoridades realizaron un recorrido por cuatro de las viviendas que fueron mejoradas, donde convivieron con los propietarios e intercambiaron sus impresiones sobre los resultados de este programa.<\/p>\n<p>Fueron part\u00edcipes de esta entrega, el presidente municipal de Tzintzuntzan, Jos\u00e9 Gerardo Villag\u00f3mez Calder\u00f3n; el titular de la Secretar\u00eda de Urbanismo y Medio Ambiente de la entidad, Mauro Ram\u00f3n Ballesteros Figueroa; el secretario de Turismo estatal, Roberto Monroy Garc\u00eda; la coordinadora de la Agencia Espa\u00f1ola de Cooperaci\u00f3n, Monserrat Soles Franch, y el representante de la Contralor\u00eda Social, Marco Antonio Nicol\u00e1s Molinero, por mencionar algunos.<\/p>\n","protected":false},"excerpt":{"rendered":"<p>El embajador de Espa\u00f1a en M\u00e9xico, Luis Fern\u00e1ndez Cid de las Alas Pumari\u00f1o, dio a conocer que este a\u00f1o se invertir\u00e1n 150 mil euros para impulsar la segunda etapa de rehabilitaci\u00f3n de viviendas tradicionales en este Pueblo M\u00e1gico, <\/p>\n","protected":false},"author":1,"featured_media":13464,"comment_status":"open","ping_status":"open","sticky":false,"template":"","format":"standard","meta":{"footnotes":""},"categories":[14,3],"tags":[],"class_list":["post-13463","post","type-post","status-publish","format-standard","has-post-thumbnail","hentry","category-destacadas","category-gobierno-del-estado-de-michoacan"],"_links":{"self":[{"href":"https:\/\/radiowebmx.com\/nota\/wp-json\/wp\/v2\/posts\/13463","targetHints":{"allow":["GET"]}}],"collection":[{"href":"https:\/\/radiowebmx.com\/nota\/wp-json\/wp\/v2\/posts"}],"about":[{"href":"https:\/\/radiowebmx.com\/nota\/wp-json\/wp\/v2\/types\/post"}],"author":[{"embeddable":true,"href":"https:\/\/radiowebmx.com\/nota\/wp-json\/wp\/v2\/users\/1"}],"replies":[{"embeddable":true,"href":"https:\/\/radiowebmx.com\/nota\/wp-json\/wp\/v2\/comments?post=13463"}],"version-history":[{"count":1,"href":"https:\/\/radiowebmx.com\/nota\/wp-json\/wp\/v2\/posts\/13463\/revisions"}],"predecessor-version":[{"id":13465,"href":"https:\/\/radiowebmx.com\/nota\/wp-json\/wp\/v2\/posts\/13463\/revisions\/13465"}],"wp:featuredmedia":[{"embeddable":true,"href":"https:\/\/radiowebmx.com\/nota\/wp-json\/wp\/v2\/media\/13464"}],"wp:attachment":[{"href":"https:\/\/radiowebmx.com\/nota\/wp-json\/wp\/v2\/media?parent=13463"}],"wp:term":[{"taxonomy":"category","embeddable":true,"href":"https:\/\/radiowebmx.com\/nota\/wp-json\/wp\/v2\/categories?post=13463"},{"taxonomy":"post_tag","embeddable":true,"href":"https:\/\/radiowebmx.com\/nota\/wp-json\/wp\/v2\/tags?post=13463"}],"curies":[{"name":"wp","href":"https:\/\/api.w.org\/{rel}","templated":true}]}}