{"id":13459,"date":"2015-02-20T15:01:04","date_gmt":"2015-02-20T21:01:04","guid":{"rendered":"https:\/\/radiowebmx.com\/nota\/?p=13459"},"modified":"2015-02-20T15:01:04","modified_gmt":"2015-02-20T21:01:04","slug":"atencion-al-tema-ambiental-prioridad-de-los-gobiernos-federal-y-estatal-suma","status":"publish","type":"post","link":"https:\/\/radiowebmx.com\/nota\/atencion-al-tema-ambiental-prioridad-de-los-gobiernos-federal-y-estatal-suma\/","title":{"rendered":"ATENCI\u00d3N AL TEMA AMBIENTAL, PRIORIDAD DE LOS GOBIERNOS FEDERAL Y ESTATAL: SUMA"},"content":{"rendered":"<p>Para los gobiernos federal y estatal es prioridad atender los problemas ambientales, prueba de ello es la soluci\u00f3n que se ha dado a muchas de las necesidades existentes en la mayor\u00eda de los municipios michoacanos, estableci\u00f3 el secretario de Urbanismo y Medio Ambiente, Mauro Ram\u00f3n Ballesteros Figueroa.<\/p>\n<p>Precis\u00f3 que dentro de las acciones m\u00e1s relevantes destaca la apertura de casi 40 rellenos sanitarios en la presente administraci\u00f3n estatal, con lo cual se deja atr\u00e1s la existencia de tiraderos al aire libre y en su lugar se crea un lugar donde se le da la atenci\u00f3n debida a los desperdicios sanitarios.<\/p>\n<p>Al encabezar en este lugar la inauguraci\u00f3n del relleno sanitario local, a partir del cual la basura ser\u00e1 objeto de un mejor control, el representante del gobernador del estado, Salvador Jara Guerrero, subray\u00f3 el apoyo que sobre el particular se ha podido otorgar a las instancias municipales, con el apoyo de la federaci\u00f3n.<\/p>\n<p>Acompa\u00f1ado por el presidente municipal, Everardo Alberto Cort\u00e9s y por el pleno de regidores, el titular de la SUMA puso de manifiesto la disposici\u00f3n que hay en las dos principales instancias de gobierno, por seguir trabajando en todo tipo de necesidades ambientales.<\/p>\n<p>Precis\u00f3 adem\u00e1s los riesgos a que se enfrenta la poblaci\u00f3n en caso de desatender el problema de la basura, dados los riesgos y padecimientos que en perjuicio de la poblaci\u00f3n ello puede causar.<\/p>\n<p>Ahond\u00f3 m\u00e1s en el tema al se\u00f1alar que hoy en d\u00eda los pueblos del mundo enfrentan la amenaza del cambio clim\u00e1tico, a trav\u00e9s de fen\u00f3menos diversos, como las lluvias, huracanes y hasta las sequ\u00edas, lo que por supuesto puede traer efectos negativos para la poblaci\u00f3n mundial.<\/p>\n<p>Por lo anterior, pidi\u00f3 la colaboraci\u00f3n de la sociedad,\u00a0 para que tambi\u00e9n se integre a los esfuerzos de los gobiernos a trav\u00e9s del cumplimiento de las normas y tareas que lleven a establecer un mejor ambiente social.<\/p>\n<p>Tras convivir por varias horas\u00a0 con la ciudadan\u00eda de este lugar,\u00a0 donde fue objeto de todo tipo de agradecimientos, Ballesteros Figueroa se traslad\u00f3 a la cabecera municipal de Paracho, en compa\u00f1\u00eda del subdelegado de SEMARNAT, Sergio Mendoza Guti\u00e9rrez y del director de Contenci\u00f3n del Deterioro Ambiental de la SUMA, Roberto Mar\u00edn L\u00f3pez, para tambi\u00e9n inaugurar el relleno sanitario local, donde los acompa\u00f1\u00f3 el edil, Nicol\u00e1s Zalapa Vargas.<\/p>\n<p>&nbsp;<\/p>\n<div>\n<p>En los dos lugares visitados los alcaldes hicieron patente el gran apoyo que, a trav\u00e9s de gestiones, ha realizado el secretario de Urbanismo y Medio Ambiente, con lo cual \u2013dijeron- ha logrado recursos importantes para las dos jurisdicciones municipales.<\/p>\n<\/div>\n","protected":false},"excerpt":{"rendered":"<p>Para los gobiernos federal y estatal es prioridad atender los problemas ambientales, prueba de ello es la soluci\u00f3n que se ha dado a muchas de las necesidades existentes en la mayor\u00eda de los municipios michoacanos, estableci\u00f3 el secretario de Urbanismo y Medio Ambiente, Mauro Ram\u00f3n Ballesteros Figueroa.<\/p>\n","protected":false},"author":1,"featured_media":13460,"comment_status":"open","ping_status":"open","sticky":false,"template":"","format":"standard","meta":{"footnotes":""},"categories":[14,3],"tags":[],"class_list":["post-13459","post","type-post","status-publish","format-standard","has-post-thumbnail","hentry","category-destacadas","category-gobierno-del-estado-de-michoacan"],"_links":{"self":[{"href":"https:\/\/radiowebmx.com\/nota\/wp-json\/wp\/v2\/posts\/13459","targetHints":{"allow":["GET"]}}],"collection":[{"href":"https:\/\/radiowebmx.com\/nota\/wp-json\/wp\/v2\/posts"}],"about":[{"href":"https:\/\/radiowebmx.com\/nota\/wp-json\/wp\/v2\/types\/post"}],"author":[{"embeddable":true,"href":"https:\/\/radiowebmx.com\/nota\/wp-json\/wp\/v2\/users\/1"}],"replies":[{"embeddable":true,"href":"https:\/\/radiowebmx.com\/nota\/wp-json\/wp\/v2\/comments?post=13459"}],"version-history":[{"count":1,"href":"https:\/\/radiowebmx.com\/nota\/wp-json\/wp\/v2\/posts\/13459\/revisions"}],"predecessor-version":[{"id":13461,"href":"https:\/\/radiowebmx.com\/nota\/wp-json\/wp\/v2\/posts\/13459\/revisions\/13461"}],"wp:featuredmedia":[{"embeddable":true,"href":"https:\/\/radiowebmx.com\/nota\/wp-json\/wp\/v2\/media\/13460"}],"wp:attachment":[{"href":"https:\/\/radiowebmx.com\/nota\/wp-json\/wp\/v2\/media?parent=13459"}],"wp:term":[{"taxonomy":"category","embeddable":true,"href":"https:\/\/radiowebmx.com\/nota\/wp-json\/wp\/v2\/categories?post=13459"},{"taxonomy":"post_tag","embeddable":true,"href":"https:\/\/radiowebmx.com\/nota\/wp-json\/wp\/v2\/tags?post=13459"}],"curies":[{"name":"wp","href":"https:\/\/api.w.org\/{rel}","templated":true}]}}