{"id":13455,"date":"2015-02-20T14:57:02","date_gmt":"2015-02-20T20:57:02","guid":{"rendered":"https:\/\/radiowebmx.com\/nota\/?p=13455"},"modified":"2015-02-20T14:57:02","modified_gmt":"2015-02-20T20:57:02","slug":"autoridades-del-dif-michoacan-visitan-lazaro-cardenas","status":"publish","type":"post","link":"https:\/\/radiowebmx.com\/nota\/autoridades-del-dif-michoacan-visitan-lazaro-cardenas\/","title":{"rendered":"AUTORIDADES DEL DIF MICHOAC\u00c1N VISITAN L\u00c1ZARO C\u00c1RDENAS"},"content":{"rendered":"<p>La presidenta honoraria del Sistema para el Desarrollo Integral de la Familia (DIF) Michoac\u00e1n, Catherine Ettinger, realiz\u00f3 una gira de trabajo por el municipio de L\u00e1zaro C\u00e1rdenas en el que tuvo la oportunidad de visitar la Casa Hogar \u201cPresidente L\u00e1zaro C\u00e1rdenas\u201d, el Centro de Asistencia y Desarrollo Infantil (CADI) Guacamayas y el Centro de Rehabilitaci\u00f3n Integral de dicho municipio para conocer sus principales necesidades.<\/p>\n<p>Acompa\u00f1ada de la directora del DIF estatal, Mariana Sosa Olmeda, saludaron y convivieron\u00a0 con los 64 ni\u00f1os que actualmente se albergan en la Casa Hogar \u201cPresidente L\u00e1zaro C\u00e1rdenas\u201d, reiteraron el compromiso que se tiene con ellos y les hicieron saber que se va a trabajar para que se hagan las adecuaciones necesarias y mejoras en las instalaciones, priorizando que sea un lugar digno para ellos.<\/p>\n<p>Sosa Olmeda refiri\u00f3 que es primordial atender a la poblaci\u00f3n vulnerable, adem\u00e1s de motivar las convivencias familiares para la reintegraci\u00f3n social.<\/p>\n<p>El alcalde, Rogelio Ortega Camargo, acompa\u00f1ado de la directora del DIF municipal, Blanca Nineth Barrera Maciel agradecieron el apoyo que se ha tenido por parte de la dependencia estatal y mostraron su amplia disposici\u00f3n para seguir trabajando en equipo y mejorar los servicios que el municipio otorga a todas aquellas personas que se encuentran en estado de vulnerabilidad.<\/p>\n<p>Posteriormente asistieron tambi\u00e9n al CADI Guacamayas, el cual atiende a 134 ni\u00f1os de entre 9 meses y 6 a\u00f1os, proporcion\u00e1ndoles el servicio de lactantes, maternal o preescolar, con el objetivo de que los peque\u00f1os se desenvuelvan en espacios adecuados que permitan su desarrollo integral.<\/p>\n<p>Para terminar el recorrido por el municipio, tanto la presidenta como la directora del DIF estatal conocieron las instalaciones del Centro de Rehabilitaci\u00f3n Integral (CRI), que brinda servicio a 48 pacientes por d\u00eda, mediante consultas de rehabilitaci\u00f3n, terapia f\u00edsica y ocupacional, terapia de lenguaje, psicolog\u00eda y servicios dentales; la terapia f\u00edsica es la de mayor demanda.<\/p>\n<p>Ah\u00ed, Ettinger de Jara, aprovech\u00f3 para saludar a Mayra, una peque\u00f1a que desde el 2009 acude al CRI para recibir hidromasaje corporal, electro-estimulaciones y ejercicios de movilizaci\u00f3n, la anim\u00f3 para que siga con su recuperaci\u00f3n y pueda realizar todo aquello que ella desee.<\/p>\n<p>Cabe se\u00f1alar que las autoridades estatales aprovecharon para realizar la entrega de 150 uniformes que se otorgaron al personal de todos estos centros de trabajo, incluido el CADI Vasco de Quiroga de dicho municipio, cumpliendo as\u00ed con uno de los compromisos que a\u00fan se ten\u00edan pendientes con la base trabajadora.<\/p>\n<p>Es as\u00ed como el DIF Michoac\u00e1n reitera que la atenci\u00f3n a ni\u00f1as, ni\u00f1os y j\u00f3venes sea una de las prioridades y de los mayores compromisos que ofrezcan un futuro mejor.<\/p>\n","protected":false},"excerpt":{"rendered":"<p>La presidenta honoraria del Sistema para el Desarrollo Integral de la Familia (DIF) Michoac\u00e1n, Catherine Ettinger, realiz\u00f3 una gira de trabajo por el municipio de L\u00e1zaro C\u00e1rdenas en el que tuvo la oportunidad de visitar la Casa Hogar \u201cPresidente L\u00e1zaro C\u00e1rdenas\u201d,<\/p>\n","protected":false},"author":1,"featured_media":13456,"comment_status":"open","ping_status":"open","sticky":false,"template":"","format":"standard","meta":{"footnotes":""},"categories":[14,3],"tags":[],"class_list":["post-13455","post","type-post","status-publish","format-standard","has-post-thumbnail","hentry","category-destacadas","category-gobierno-del-estado-de-michoacan"],"_links":{"self":[{"href":"https:\/\/radiowebmx.com\/nota\/wp-json\/wp\/v2\/posts\/13455","targetHints":{"allow":["GET"]}}],"collection":[{"href":"https:\/\/radiowebmx.com\/nota\/wp-json\/wp\/v2\/posts"}],"about":[{"href":"https:\/\/radiowebmx.com\/nota\/wp-json\/wp\/v2\/types\/post"}],"author":[{"embeddable":true,"href":"https:\/\/radiowebmx.com\/nota\/wp-json\/wp\/v2\/users\/1"}],"replies":[{"embeddable":true,"href":"https:\/\/radiowebmx.com\/nota\/wp-json\/wp\/v2\/comments?post=13455"}],"version-history":[{"count":2,"href":"https:\/\/radiowebmx.com\/nota\/wp-json\/wp\/v2\/posts\/13455\/revisions"}],"predecessor-version":[{"id":13458,"href":"https:\/\/radiowebmx.com\/nota\/wp-json\/wp\/v2\/posts\/13455\/revisions\/13458"}],"wp:featuredmedia":[{"embeddable":true,"href":"https:\/\/radiowebmx.com\/nota\/wp-json\/wp\/v2\/media\/13456"}],"wp:attachment":[{"href":"https:\/\/radiowebmx.com\/nota\/wp-json\/wp\/v2\/media?parent=13455"}],"wp:term":[{"taxonomy":"category","embeddable":true,"href":"https:\/\/radiowebmx.com\/nota\/wp-json\/wp\/v2\/categories?post=13455"},{"taxonomy":"post_tag","embeddable":true,"href":"https:\/\/radiowebmx.com\/nota\/wp-json\/wp\/v2\/tags?post=13455"}],"curies":[{"name":"wp","href":"https:\/\/api.w.org\/{rel}","templated":true}]}}