{"id":13449,"date":"2015-02-20T14:38:23","date_gmt":"2015-02-20T20:38:23","guid":{"rendered":"https:\/\/radiowebmx.com\/nota\/?p=13449"},"modified":"2015-02-20T14:38:23","modified_gmt":"2015-02-20T20:38:23","slug":"supervisan-comandancia-y-subcomandancias-de-morelia","status":"publish","type":"post","link":"https:\/\/radiowebmx.com\/nota\/supervisan-comandancia-y-subcomandancias-de-morelia\/","title":{"rendered":"SUPERVISAN COMANDANCIA Y SUBCOMANDANCIAS DE MORELIA"},"content":{"rendered":"<p>El alcalde Wilfrido L\u00e1zaro Medina, en compa\u00f1\u00eda del secretario de Seguridad P\u00fablica del Estado, Javier Ocampo Garc\u00eda, hizo un recorrido por la Comandancia y las tres Subcomandancias de Seguridad P\u00fablica del municipio, que ser\u00e1n equipadas en breve con apoyo del gobierno estatal y la Federaci\u00f3n, en una Suma de Voluntades en favor de los morelianos.<\/p>\n<p>&nbsp;<\/p>\n<p>Funcionarios de los tres niveles de gobierno, encabezados por el edil moreliano, supervisaron los trabajos de construcci\u00f3n de\u00a0\u00a0las instalaciones de la Comandancia ubicada en el poblado de Tin\u00edjaro, que se edific\u00f3 con una inversi\u00f3n de 20 millones 357 mil pesos, m\u00e1s recursos municipales propios para acabados y obras complementarias por 6 millones de pesos.<\/p>\n<p>&nbsp;<\/p>\n<p>El inmueble, que presenta un avance de 95 por ciento, se conforma por un edificio administrativo, constituido por oficinas, subdirecciones de Polic\u00eda\u00a0y\u00a0de Polic\u00eda Vial, Centro de Programaci\u00f3n\u00a0y\u00a0Sem\u00e1foros, Unidad de Atenci\u00f3n Ciudadana, armer\u00eda, espacios para el Equipo Antimotines\u00a0y\u00a0el Grupo de Reacci\u00f3n Inmediata, Coordinaci\u00f3n de Log\u00edstica\u00a0y\u00a0Servicios Viales, estacionamiento, \u00e1rea de Vigilancia Psicol\u00f3gica, adem\u00e1s de celdas para hombres\u00a0y\u00a0mujeres.<\/p>\n<p>&nbsp;<\/p>\n<p>Asimismo, comprende un edificio de servicios con comedor, cocina, dormitorios, sanitarios, m\u00f3dulo de aseo personal, salas de estar\u00a0y\u00a0de educaci\u00f3n a distancia; un edificio de celdas para la direcci\u00f3n general, jueces calificadores, ingreso de detenidos, vigilante, celdas individuales, equipamiento canino\u00a0y\u00a0perreras;\u00a0y\u00a0un edificio operativo con \u00e1reas de ingresos, calificativa, de servicios m\u00e9dicos, de celdas (femenil\u00a0y\u00a0varonil), de agrupamiento canino\u00a0y\u00a0una cisterna de 150 m<sup>3<\/sup>.<\/p>\n<p>&nbsp;<\/p>\n<p>Ambos funcionarios verificaron\u00a0las condiciones del Aula de Capacitaci\u00f3n, construida a un costado de la\u00a0Comandancia, con\u00a0\u00a06 millones de\u00a0\u00a0pesos que aport\u00f3 la Federaci\u00f3n, la cual incluye, entre otros sitios, dos salas audiovisuales, estrado para espectadores, cuarto de proyecci\u00f3n, bodega de equipo, sanitarios, cafeter\u00eda, jardiner\u00eda\u00a0y\u00a0andadores en el exterior.<\/p>\n<p>&nbsp;<\/p>\n<p>Antes, L\u00e1zaro Medina\u00a0\u00a0y el Secretario de Seguridad en la entidad, visitaron antes, las\u00a0subcomandancias\u00a0situadas en la colonia Vicente Lombardo\u00a0y\u00a0 en el fraccionamiento Arko San Mateo, en las que el Gobierno Federal invirti\u00f3 5 millones 988 mil 317 pesos\u00a0y\u00a05 millones 629 mil 341 pesos, respectivamente.<\/p>\n<p>&nbsp;<\/p>\n<p>Los edificios disponen de\u00a0oficinas administrativas, de atenci\u00f3n al p\u00fablico\u00a0y\u00a0de atenci\u00f3n psicol\u00f3gica, celdas, comedor, sanitarios, cocina, estacionamiento,\u00a0y\u00a0est\u00e1n en 100 por ciento de progreso, respectivamente.<\/p>\n<p>&nbsp;<\/p>\n<p>Tanto la Comandancia de Seguridad P\u00fablica como las\u00a0subcomandancias, est\u00e1n estrat\u00e9gicamente ubicadas\u00a0\u00a0en la ciudad para optimizar en tiempo de respuesta, en beneficio aproximadamente de 729 mil 757 habitantes, cada una.<\/p>\n<p>&nbsp;<\/p>\n<p>Respecto a la construcci\u00f3n de los edificios que albergar\u00e1n a la Fuerza Ciudadana municipal, Jes\u00fas Ayala Hurtado, director Jur\u00eddico del Ayuntamiento y coordinador del Mando Unificado en la capital michoacana, dijo que los recursos para ejecutar la obra\u00a0\u00a0provienen del Gobierno Federal a trav\u00e9s del Subsidio para la Seguridad de los Municipios (Subsemun).<\/p>\n<p>&nbsp;<\/p>\n<p>En este esquema, el funcionario coment\u00f3 que\u00a0\u00a0el\u00a0\u00a0Ayuntamiento debe entregar todos los bienes materiales, humanos y financieros para que el estado los administre. Bajo la nueva estrategia del Mando Unificado, resalt\u00f3 el funcionario que el gobierno municipal deber\u00e1 entregar en comodato las comisar\u00edas para que el estado las termine de equipar,\u00a0\u00a0las acondicione y empiecen a funcionar.<\/p>\n","protected":false},"excerpt":{"rendered":"<p>El alcalde Wilfrido L\u00e1zaro Medina, en compa\u00f1\u00eda del secretario de Seguridad P\u00fablica del Estado, Javier Ocampo Garc\u00eda, hizo un recorrido por la Comandancia y las tres Subcomandancias de Seguridad P\u00fablica del municipio, que ser\u00e1n equipadas en breve con apoyo del gobierno estatal y la Federaci\u00f3n,<\/p>\n","protected":false},"author":1,"featured_media":13450,"comment_status":"open","ping_status":"open","sticky":false,"template":"","format":"standard","meta":{"footnotes":""},"categories":[14,9],"tags":[],"class_list":["post-13449","post","type-post","status-publish","format-standard","has-post-thumbnail","hentry","category-destacadas","category-morelia"],"_links":{"self":[{"href":"https:\/\/radiowebmx.com\/nota\/wp-json\/wp\/v2\/posts\/13449","targetHints":{"allow":["GET"]}}],"collection":[{"href":"https:\/\/radiowebmx.com\/nota\/wp-json\/wp\/v2\/posts"}],"about":[{"href":"https:\/\/radiowebmx.com\/nota\/wp-json\/wp\/v2\/types\/post"}],"author":[{"embeddable":true,"href":"https:\/\/radiowebmx.com\/nota\/wp-json\/wp\/v2\/users\/1"}],"replies":[{"embeddable":true,"href":"https:\/\/radiowebmx.com\/nota\/wp-json\/wp\/v2\/comments?post=13449"}],"version-history":[{"count":1,"href":"https:\/\/radiowebmx.com\/nota\/wp-json\/wp\/v2\/posts\/13449\/revisions"}],"predecessor-version":[{"id":13451,"href":"https:\/\/radiowebmx.com\/nota\/wp-json\/wp\/v2\/posts\/13449\/revisions\/13451"}],"wp:featuredmedia":[{"embeddable":true,"href":"https:\/\/radiowebmx.com\/nota\/wp-json\/wp\/v2\/media\/13450"}],"wp:attachment":[{"href":"https:\/\/radiowebmx.com\/nota\/wp-json\/wp\/v2\/media?parent=13449"}],"wp:term":[{"taxonomy":"category","embeddable":true,"href":"https:\/\/radiowebmx.com\/nota\/wp-json\/wp\/v2\/categories?post=13449"},{"taxonomy":"post_tag","embeddable":true,"href":"https:\/\/radiowebmx.com\/nota\/wp-json\/wp\/v2\/tags?post=13449"}],"curies":[{"name":"wp","href":"https:\/\/api.w.org\/{rel}","templated":true}]}}