{"id":13446,"date":"2015-02-20T14:36:04","date_gmt":"2015-02-20T20:36:04","guid":{"rendered":"https:\/\/radiowebmx.com\/nota\/?p=13446"},"modified":"2015-02-20T14:36:04","modified_gmt":"2015-02-20T20:36:04","slug":"titular-del-imde-es-nombrado-embajador-y-promotor-de-derechos-para-personas-con-discapacidad","status":"publish","type":"post","link":"https:\/\/radiowebmx.com\/nota\/titular-del-imde-es-nombrado-embajador-y-promotor-de-derechos-para-personas-con-discapacidad\/","title":{"rendered":"TITULAR DEL IMDE ES NOMBRADO EMBAJADOR Y PROMOTOR DE DERECHOS PARA PERSONAS CON DISCAPACIDAD"},"content":{"rendered":"<p><b>\u00a0<\/b>El director general del Instituto Municipal de Cultura F\u00edsica y Deporte (IMDE) y de la Federaci\u00f3n Mexicana de Deportistas Especiales (FEMEDE), Miguel \u00c1ngel Garc\u00eda Meza, fue nombrado el d\u00eda de hoy embajador y promotor de los derechos de las personas con discapacidad; lo anterior, en el marco de la inauguraci\u00f3n de los Juegos Infantiles, Juveniles y Paral\u00edmpicos 2015, realizada en las instalaciones del Centro Paral\u00edmpico Mexicano.<\/p>\n<p>&nbsp;<\/p>\n<p>Durante la inauguraci\u00f3n de los Juegos Paral\u00edmpicos de la capital del pa\u00eds, el titular del IMDE, Miguel \u00c1ngel Garc\u00eda Meza, fue reconocido como embajador y promotor de los derechos de las personas con discapacidad, situaci\u00f3n que enorgulleci\u00f3 al tambi\u00e9n presidente de la Federaci\u00f3n Mexicana de Deportistas Especiales.<\/p>\n<p>&nbsp;<\/p>\n<p>\u201cQuiero dar las gracias a los deportistas especiales, por convertirme hoy, en embajador y promotor de los derechos de las personas con discapacidad, por lo que velar\u00e9 por su goce, porque tengan mayor participaci\u00f3n en la vida cotidiana y en la promoci\u00f3n de actividades deportivas\u201d, manifest\u00f3, euf\u00f3rico, el titular del IMDE, Miguel \u00c1ngel Garc\u00eda Meza.<\/p>\n<p>&nbsp;<\/p>\n<p>Durante el nombramiento, acudieron: Miguel \u00c1ngel Mancera, jefe de gobierno del Distrito Federal; Samuel P\u00e9rez Portillo, director del Deporte Adaptado de la Comisi\u00f3n Nacional de Cultura F\u00edsica y Deporte (CONADE), entre otras personalidades.<\/p>\n<p>&nbsp;<\/p>\n<p>Miguel \u00c1ngel Garc\u00eda Meza es egresado de la Escuela Superior de Educaci\u00f3n F\u00edsica de Jalisco (ESEF) y cuenta con una maestr\u00eda en Docencia para la Cultura F\u00edsica, por el Instituto Michoacano de Ciencias de la Educaci\u00f3n (IMCED).<\/p>\n<p>&nbsp;<\/p>\n<p>Ha desempe\u00f1ado a lo largo de su vida diferentes cargos p\u00fablicos, c\u00f3mo: director general del Instituto Michoacano de la Juventud y el Deporte (IMJUDE), de1995 a 1996; director de Promoci\u00f3n Deportiva del ayuntamiento de Morelia en el periodo 2002 a 2004; adem\u00e1s de presidente de la FEMEDE, desde el a\u00f1o 2004 a la fecha.<\/p>\n<p>&nbsp;<\/p>\n<p>\u201cEs importante para la formaci\u00f3n de ni\u00f1os y ni\u00f1as con discapacidad, que tengan las facilidades para participar en actividades deportivas. Es as\u00ed como nos seguiremos distinguiendo, siendo un ejemplo como naci\u00f3n y cuna de verdaderos campeones paral\u00edmpicos\u201d, a\u00f1adi\u00f3 Garc\u00eda Meza, durante su participaci\u00f3n en el significativo evento.<\/p>\n","protected":false},"excerpt":{"rendered":"<p> El director general del Instituto Municipal de Cultura F\u00edsica y Deporte (IMDE) y de la Federaci\u00f3n Mexicana de Deportistas Especiales (FEMEDE), Miguel \u00c1ngel Garc\u00eda Meza, fue nombrado el d\u00eda de hoy embajador y promotor de los derechos de las personas con discapacidad; lo anterior,<\/p>\n","protected":false},"author":1,"featured_media":13447,"comment_status":"open","ping_status":"open","sticky":false,"template":"","format":"standard","meta":{"footnotes":""},"categories":[14,9],"tags":[],"class_list":["post-13446","post","type-post","status-publish","format-standard","has-post-thumbnail","hentry","category-destacadas","category-morelia"],"_links":{"self":[{"href":"https:\/\/radiowebmx.com\/nota\/wp-json\/wp\/v2\/posts\/13446","targetHints":{"allow":["GET"]}}],"collection":[{"href":"https:\/\/radiowebmx.com\/nota\/wp-json\/wp\/v2\/posts"}],"about":[{"href":"https:\/\/radiowebmx.com\/nota\/wp-json\/wp\/v2\/types\/post"}],"author":[{"embeddable":true,"href":"https:\/\/radiowebmx.com\/nota\/wp-json\/wp\/v2\/users\/1"}],"replies":[{"embeddable":true,"href":"https:\/\/radiowebmx.com\/nota\/wp-json\/wp\/v2\/comments?post=13446"}],"version-history":[{"count":1,"href":"https:\/\/radiowebmx.com\/nota\/wp-json\/wp\/v2\/posts\/13446\/revisions"}],"predecessor-version":[{"id":13448,"href":"https:\/\/radiowebmx.com\/nota\/wp-json\/wp\/v2\/posts\/13446\/revisions\/13448"}],"wp:featuredmedia":[{"embeddable":true,"href":"https:\/\/radiowebmx.com\/nota\/wp-json\/wp\/v2\/media\/13447"}],"wp:attachment":[{"href":"https:\/\/radiowebmx.com\/nota\/wp-json\/wp\/v2\/media?parent=13446"}],"wp:term":[{"taxonomy":"category","embeddable":true,"href":"https:\/\/radiowebmx.com\/nota\/wp-json\/wp\/v2\/categories?post=13446"},{"taxonomy":"post_tag","embeddable":true,"href":"https:\/\/radiowebmx.com\/nota\/wp-json\/wp\/v2\/tags?post=13446"}],"curies":[{"name":"wp","href":"https:\/\/api.w.org\/{rel}","templated":true}]}}