{"id":13443,"date":"2015-02-20T14:31:59","date_gmt":"2015-02-20T20:31:59","guid":{"rendered":"https:\/\/radiowebmx.com\/nota\/?p=13443"},"modified":"2015-02-20T14:31:59","modified_gmt":"2015-02-20T20:31:59","slug":"sepsol-impulsa-la-vocacion-productiva-de-la-poblacion","status":"publish","type":"post","link":"https:\/\/radiowebmx.com\/nota\/sepsol-impulsa-la-vocacion-productiva-de-la-poblacion\/","title":{"rendered":"SEPSOL IMPULSA LA VOCACI\u00d3N PRODUCTIVA DE LA POBLACI\u00d3N"},"content":{"rendered":"<p>La Secretar\u00eda de Pol\u00edtica Social (Sepsol) impulsa la vocaci\u00f3n productiva de la poblaci\u00f3n, a trav\u00e9s de la Caravana Sepsol, que visit\u00f3 diversas colonias de la capital del estado, con el objetivo de llevar capacitaciones a las y los morelianos.<\/p>\n<p>&nbsp;<\/p>\n<p>El titular de la dependencia, Horacio Guillermo D\u00edaz Mora, coment\u00f3 que el desarrollo social y econ\u00f3mico van estrechamente ligados, por lo que aunado a los programas asistenciales, tambi\u00e9n es necesario brindar elementos a los ciudadanos para que sean autogestivos.<\/p>\n<p>&nbsp;<\/p>\n<p>\u201cLa poblaci\u00f3n ha sido receptiva a este tipo de acciones, tienen la disposici\u00f3n de participar y ser agentes de cambio en sus comunidades, y eso es muy importante para lograr el crecimiento del estado\u201d, indic\u00f3.<\/p>\n<p>&nbsp;<\/p>\n<p>La Caravana Sepsol visit\u00f3 las colonias San Juanito Itz\u00edcuaro, Adolfo L\u00f3pez Mateos, Loma Dorada del Sur y el Fraccionamiento Arco San Antonio, del municipio de Morelia.<\/p>\n<p>&nbsp;<\/p>\n<p>Dentro de las actividades desarrolladas, personal de la Secretar\u00eda de Pol\u00edtica Social imparti\u00f3 capacitaciones en diferentes vertientes, entre ellas, talleres de Ecotecnias, para la elaboraci\u00f3n de suavizante de telas y de impermeabilizante ecol\u00f3gico.<\/p>\n<p>&nbsp;<\/p>\n<p>Por otro lado, grupos de mujeres participaron en el taller de elaboraci\u00f3n de globos de cantoya y paletas de malvavisco; algunas de ellas manifestaron que ya se encuentran organizadas para poner en marcha un proyecto productivo que les genere una econom\u00eda en sus hogares.<\/p>\n<p>&nbsp;<\/p>\n<p>En San Juanito Itz\u00edcuaro, ni\u00f1as, ni\u00f1os y adultos asistieron al Cinepsol, en el que se proyect\u00f3 una pel\u00edcula a los asistentes, quienes la disfrutaron con palomitas y aguas frescas. El objetivo de esta acci\u00f3n es presentar historias que lleven un mensaje positivo que fomente la convivencia, solidaridad y honestidad, entre otros valores.<\/p>\n<p>&nbsp;<\/p>\n<p>La Caravana Sepsol ha visitado diferentes municipios michoacanos, en algunos de ellos, tambi\u00e9n se han unido otras instancias con el fin de brindar un mayor n\u00famero de servicios a la poblaci\u00f3n.<\/p>\n<p>&nbsp;<\/p>\n","protected":false},"excerpt":{"rendered":"<p>La Secretar\u00eda de Pol\u00edtica Social (Sepsol) impulsa la vocaci\u00f3n productiva de la poblaci\u00f3n, a trav\u00e9s de la Caravana Sepsol, que visit\u00f3 diversas colonias de la capital del estado, con el objetivo de llevar capacitaciones a las y los morelianos.<\/p>\n","protected":false},"author":1,"featured_media":13444,"comment_status":"open","ping_status":"open","sticky":false,"template":"","format":"standard","meta":{"footnotes":""},"categories":[14,3],"tags":[],"class_list":["post-13443","post","type-post","status-publish","format-standard","has-post-thumbnail","hentry","category-destacadas","category-gobierno-del-estado-de-michoacan"],"_links":{"self":[{"href":"https:\/\/radiowebmx.com\/nota\/wp-json\/wp\/v2\/posts\/13443","targetHints":{"allow":["GET"]}}],"collection":[{"href":"https:\/\/radiowebmx.com\/nota\/wp-json\/wp\/v2\/posts"}],"about":[{"href":"https:\/\/radiowebmx.com\/nota\/wp-json\/wp\/v2\/types\/post"}],"author":[{"embeddable":true,"href":"https:\/\/radiowebmx.com\/nota\/wp-json\/wp\/v2\/users\/1"}],"replies":[{"embeddable":true,"href":"https:\/\/radiowebmx.com\/nota\/wp-json\/wp\/v2\/comments?post=13443"}],"version-history":[{"count":1,"href":"https:\/\/radiowebmx.com\/nota\/wp-json\/wp\/v2\/posts\/13443\/revisions"}],"predecessor-version":[{"id":13445,"href":"https:\/\/radiowebmx.com\/nota\/wp-json\/wp\/v2\/posts\/13443\/revisions\/13445"}],"wp:featuredmedia":[{"embeddable":true,"href":"https:\/\/radiowebmx.com\/nota\/wp-json\/wp\/v2\/media\/13444"}],"wp:attachment":[{"href":"https:\/\/radiowebmx.com\/nota\/wp-json\/wp\/v2\/media?parent=13443"}],"wp:term":[{"taxonomy":"category","embeddable":true,"href":"https:\/\/radiowebmx.com\/nota\/wp-json\/wp\/v2\/categories?post=13443"},{"taxonomy":"post_tag","embeddable":true,"href":"https:\/\/radiowebmx.com\/nota\/wp-json\/wp\/v2\/tags?post=13443"}],"curies":[{"name":"wp","href":"https:\/\/api.w.org\/{rel}","templated":true}]}}