{"id":13437,"date":"2015-02-20T14:18:05","date_gmt":"2015-02-20T20:18:05","guid":{"rendered":"https:\/\/radiowebmx.com\/nota\/?p=13437"},"modified":"2015-02-20T14:18:05","modified_gmt":"2015-02-20T20:18:05","slug":"solicita-licencia-luisa-maria-calderon-para-contender-por-la-gubernatura-de-michoacan","status":"publish","type":"post","link":"https:\/\/radiowebmx.com\/nota\/solicita-licencia-luisa-maria-calderon-para-contender-por-la-gubernatura-de-michoacan\/","title":{"rendered":"Solicita licencia Luisa Mar\u00eda Calder\u00f3n para contender por la gubernatura de Michoac\u00e1n."},"content":{"rendered":"<p>El d\u00eda de hoy, \u00a0la Senadora Luisa Mar\u00eda Calder\u00f3n solicit\u00f3 formalmente ante la Mesa Directiva del Senado licencia al cargo de Senadora de la Rep\u00fablica por tiempo indefinido para \u00a0contender por la gubernatura de Michoac\u00e1n en las pr\u00f3ximas elecciones.<\/p>\n<p>&nbsp;<\/p>\n<p>La senadora Luisa Mar\u00eda Calder\u00f3n Hinojosa (PAN) solicit\u00f3 y recibi\u00f3 licencia para separarse del cargo a partir de este \u00a024 Febrero con el fin de competir por la candidatura panista al gobierno de Michoac\u00e1n en las elecciones de 2015.\u00a0 Calder\u00f3n Hinojosa, es la segunda integrante del Senado en esta Legislatura que deja su esca\u00f1o para contender por uno de los nueve gobiernos estatales que estar\u00e1n en juego en las votaciones del 7 de junio del pr\u00f3ximo a\u00f1o.<\/p>\n<p>&nbsp;<\/p>\n<p>Luisa Mar\u00eda Calder\u00f3n record\u00f3 que lleg\u00f3 al Senado de la Rep\u00fablica con la tarea de ser la voz de los Michoacanos, y \u201cuna vez y otra vez ped\u00ed al gobierno Federal volteara a ver a Michoac\u00e1n, hoy agradezco que se haya atendido en cierta manera la crisis que se viv\u00eda durante 2013 y 2014\u201d apunt\u00f3.<\/p>\n<p>&nbsp;<\/p>\n<p>As\u00ed mismo, a\u00f1adi\u00f3 que se separ\u00f3 del cargo porque quiere estar en condiciones de equidad y pidi\u00f3 a los otros contendientes tambi\u00e9n pedir licencia, sean cautos y respetuosos, as\u00ed como apegarse estrictamente a la normatividad porque dijo, \u201cnuestro estado tambi\u00e9n ocupa de que todos nos apeguemos a las reglas, y a nuestras verdades, pero que la verdad que sea de cada quien y no una mentira disfrazada\u201d.<\/p>\n<p>&nbsp;<\/p>\n<p>Por su parte, en uso de la palabra los Senadores Fernando Herrera, Emilio Gamboa Patr\u00f3n y Dolores Padierna, Coordinadores de las Fracciones Parlamentarias del PAN, PRI y PRD respectivamente, hicieron un reconocimiento a las labores realizadas por la panista michoacana, as\u00ed mismo reconocieron la valent\u00eda de Calder\u00f3n Hinojosa al tiempo de desearle desearle el mejor de los \u00e9xitos para contienda.<\/p>\n<p>&nbsp;<\/p>\n<p>Finalmente el Senador Miguel Barboza destac\u00f3 la dedicaci\u00f3n de Calder\u00f3n Hinojosa en sus labores legislativas as\u00ed como su valent\u00eda y trabajo por Michoac\u00e1n y M\u00e9xico.<\/p>\n<p>&nbsp;<\/p>\n<p>En esta Legislatura,\u00a0 Calder\u00f3n Hinojosa ha sido Secretaria de la Comisi\u00f3n de Estudios Legislativos Asuntos Ind\u00edgenas, Secretaria de la Comisi\u00f3n de Relaciones Exteriores, Am\u00e9rica Latina y el Caribe, Secretaria de la Comisi\u00f3n de Desarrollo Rural e Integrante Comisi\u00f3n Contra la Trata de Personas, Recientemente present\u00f3 una Iniciativa orientada a regular transferencias federales a estados y municipios para evitar \u201cmoches\u201d y corrupci\u00f3n, por mencionar algunas.<\/p>\n","protected":false},"excerpt":{"rendered":"<p>El d\u00eda de hoy,  la Senadora Luisa Mar\u00eda Calder\u00f3n solicit\u00f3 formalmente ante la Mesa Directiva del Senado licencia al cargo de Senadora de la Rep\u00fablica por tiempo indefinido para  contender por la gubernatura de Michoac\u00e1n en las pr\u00f3ximas elecciones.<\/p>\n","protected":false},"author":1,"featured_media":13438,"comment_status":"open","ping_status":"open","sticky":false,"template":"","format":"standard","meta":{"footnotes":""},"categories":[14,13,11],"tags":[],"class_list":["post-13437","post","type-post","status-publish","format-standard","has-post-thumbnail","hentry","category-destacadas","category-pan","category-partidos-politicos"],"_links":{"self":[{"href":"https:\/\/radiowebmx.com\/nota\/wp-json\/wp\/v2\/posts\/13437","targetHints":{"allow":["GET"]}}],"collection":[{"href":"https:\/\/radiowebmx.com\/nota\/wp-json\/wp\/v2\/posts"}],"about":[{"href":"https:\/\/radiowebmx.com\/nota\/wp-json\/wp\/v2\/types\/post"}],"author":[{"embeddable":true,"href":"https:\/\/radiowebmx.com\/nota\/wp-json\/wp\/v2\/users\/1"}],"replies":[{"embeddable":true,"href":"https:\/\/radiowebmx.com\/nota\/wp-json\/wp\/v2\/comments?post=13437"}],"version-history":[{"count":1,"href":"https:\/\/radiowebmx.com\/nota\/wp-json\/wp\/v2\/posts\/13437\/revisions"}],"predecessor-version":[{"id":13439,"href":"https:\/\/radiowebmx.com\/nota\/wp-json\/wp\/v2\/posts\/13437\/revisions\/13439"}],"wp:featuredmedia":[{"embeddable":true,"href":"https:\/\/radiowebmx.com\/nota\/wp-json\/wp\/v2\/media\/13438"}],"wp:attachment":[{"href":"https:\/\/radiowebmx.com\/nota\/wp-json\/wp\/v2\/media?parent=13437"}],"wp:term":[{"taxonomy":"category","embeddable":true,"href":"https:\/\/radiowebmx.com\/nota\/wp-json\/wp\/v2\/categories?post=13437"},{"taxonomy":"post_tag","embeddable":true,"href":"https:\/\/radiowebmx.com\/nota\/wp-json\/wp\/v2\/tags?post=13437"}],"curies":[{"name":"wp","href":"https:\/\/api.w.org\/{rel}","templated":true}]}}