{"id":13433,"date":"2015-02-20T14:14:11","date_gmt":"2015-02-20T20:14:11","guid":{"rendered":"https:\/\/radiowebmx.com\/nota\/?p=13433"},"modified":"2015-02-20T14:14:11","modified_gmt":"2015-02-20T20:14:11","slug":"michoacan-requiere-politica-integral-de-atencion-al-campo-a-largo-plazo-salvador-jara","status":"publish","type":"post","link":"https:\/\/radiowebmx.com\/nota\/michoacan-requiere-politica-integral-de-atencion-al-campo-a-largo-plazo-salvador-jara\/","title":{"rendered":"MICHOAC\u00c1N REQUIERE POL\u00cdTICA INTEGRAL DE ATENCI\u00d3N AL CAMPO A LARGO PLAZO: SALVADOR JARA"},"content":{"rendered":"<p>El estado requiere de una verdadera pol\u00edtica de atenci\u00f3n integral al campo a largo plazo, que permita detonar a gran escala las capacidades productivas de las distintas regiones, afirm\u00f3 el gobernador de Michoac\u00e1n Salvador Jara Guerrero, durante la reuni\u00f3n que sostuvo con integrantes de la Federaci\u00f3n Agron\u00f3mica de Michoac\u00e1n (FAM), quienes agradecieron al mandatario estatal su apertura para estrechar v\u00ednculos con dicho gremio a trav\u00e9s de la Secretar\u00eda de Desarrollo Rural (Sedru).<\/p>\n<p>Tras escuchar una serie de planteamientos e inquietudes, el titular del Poder Ejecutivo en la entidad consider\u00f3 que es necesario generar estrategias orientadas a la vinculaci\u00f3n efectiva de los agr\u00f3nomos con los sectores acad\u00e9mico y gubernamental, con la finalidad de aprovechar al m\u00e1ximo los conocimientos y experiencia de los profesionales del ramo, lo que dijo, traer\u00eda grandes beneficios en materia de fortalecimiento de procesos y valor agregado de cultivos.<\/p>\n<p>\u201cUstedes son una pieza fundamental dentro de las cadenas productivas y creo que debemos trabajar conjuntamente en proyectos para mejorar las condiciones actuales del campo michoacano; estamos en la mejor disposici\u00f3n de tomar en cuenta todas aquellas propuestas que contribuyan de alguna manera al desarrollo del estado en los diferentes rubros\u201d, puntualiz\u00f3.<\/p>\n<p>Jara Guerrero reiter\u00f3 a la comunidad de ingenieros agr\u00f3nomos que en todo momento contar\u00e1n con el apoyo y respaldo de las distintas dependencias afines a su actividad, puesto que la actual administraci\u00f3n de gobierno estatal busca fortalecer sus programas y pol\u00edticas de atenci\u00f3n con las aportaciones de la sociedad civil organizada mediante la figura de \u00f3rganos colegiados.<\/p>\n<p>Por su parte, David Alvizo Covarrubias, presidente de la Federaci\u00f3n Agron\u00f3mica del Estado de Michoac\u00e1n, explic\u00f3 que esta asociaci\u00f3n civil trabaja en favor del desarrollo profesional, humano, econ\u00f3mico y pol\u00edtico de los agr\u00f3nomos, as\u00ed como el fortalecimiento de la alianza agr\u00f3nomo-agricultor, lo cual destac\u00f3, queda de manifiesto con la estrecha coordinaci\u00f3n de trabajo entablada con la Secretar\u00eda de Desarrollo Rural en el estado.<\/p>\n<p>\u201cLa Sedru es una fuente de oportunidades para nosotros con la llegada de Salvador Jara, porque ahora se ha retomado el extensionismo agr\u00edcola y se le est\u00e1 dando un empuje muy importante; ahora se dejan espacios a los ingenieros agr\u00f3nomos que antes eran ocupados por otras profesiones que tal vez no eran tan afines\u201d, destac\u00f3 en el marco del encuentro con el mandatario.<\/p>\n<p>Asimismo, el dirigente adelant\u00f3 que se entregar\u00e1n reconocimientos a Eugenio Candelario Trevi\u00f1o Garc\u00eda y Jos\u00e9 Armando Garc\u00eda Vel\u00e1zquez, quienes han mostrado una destacada trayectoria dentro de las actividades productivas de Michoac\u00e1n durante varias d\u00e9cadas.<\/p>\n<p>En la reuni\u00f3n estuvieron presentes Jaime Rodr\u00edguez L\u00f3pez, secretario de Desarrollo Rural en la entidad y los ingenieros agr\u00f3nomos No\u00e9 Villalobos G\u00f3mez, Ra\u00fal D\u00e1valos Arreola, Luis \u00c1valos Flores, Guillermo Gonz\u00e1lez Aguirre, Antonio Gil Arroyo, Eugenio Trevi\u00f1o Garc\u00eda, Lourdes Gonz\u00e1lez Mej\u00eda, Deysi Liera Paz, Rafael O\u00f1ate Le\u00f3n, Raymundo Gonz\u00e1lez Preciado y Roberto Cisneros.<\/p>\n<p>Como parte de las actividades m\u00e1s relevantes de este jueves, el gobernador Jara asisti\u00f3 como invitado de honor a la ceremonia que la vig\u00e9simo primera Zona Militar con sede en Morelia, prepar\u00f3 con motivo del D\u00eda del Ej\u00e9rcito Mexicano, donde el general Pedro Felipe Gurrola Ram\u00edrez, comandante de la XII Regi\u00f3n Militar y mando especial para la seguridad en el estado, conmin\u00f3 a las fuerzas armadas a seguir sirviendo a la patria en todo momento.<\/p>\n<p>Enseguida, concret\u00f3 una serie de acuerdos con Armando Sep\u00falveda L\u00f3pez, secretario de Educaci\u00f3n en Michoac\u00e1n; Jaime Esparza Cortina, secretario de Gobierno; y Jes\u00fas Alberto Rodr\u00edguez Castro, coordinador general de la Comisi\u00f3n Estatal del Agua y Gesti\u00f3n de Cuencas (CEAGC)<\/p>\n","protected":false},"excerpt":{"rendered":"<p>El estado requiere de una verdadera pol\u00edtica de atenci\u00f3n integral al campo a largo plazo, que permita detonar a gran escala las capacidades productivas de las distintas regiones, afirm\u00f3 el gobernador de Michoac\u00e1n Salvador Jara Guerrero, <\/p>\n","protected":false},"author":1,"featured_media":13434,"comment_status":"open","ping_status":"open","sticky":false,"template":"","format":"standard","meta":{"footnotes":""},"categories":[14,3],"tags":[],"class_list":["post-13433","post","type-post","status-publish","format-standard","has-post-thumbnail","hentry","category-destacadas","category-gobierno-del-estado-de-michoacan"],"_links":{"self":[{"href":"https:\/\/radiowebmx.com\/nota\/wp-json\/wp\/v2\/posts\/13433","targetHints":{"allow":["GET"]}}],"collection":[{"href":"https:\/\/radiowebmx.com\/nota\/wp-json\/wp\/v2\/posts"}],"about":[{"href":"https:\/\/radiowebmx.com\/nota\/wp-json\/wp\/v2\/types\/post"}],"author":[{"embeddable":true,"href":"https:\/\/radiowebmx.com\/nota\/wp-json\/wp\/v2\/users\/1"}],"replies":[{"embeddable":true,"href":"https:\/\/radiowebmx.com\/nota\/wp-json\/wp\/v2\/comments?post=13433"}],"version-history":[{"count":2,"href":"https:\/\/radiowebmx.com\/nota\/wp-json\/wp\/v2\/posts\/13433\/revisions"}],"predecessor-version":[{"id":13436,"href":"https:\/\/radiowebmx.com\/nota\/wp-json\/wp\/v2\/posts\/13433\/revisions\/13436"}],"wp:featuredmedia":[{"embeddable":true,"href":"https:\/\/radiowebmx.com\/nota\/wp-json\/wp\/v2\/media\/13434"}],"wp:attachment":[{"href":"https:\/\/radiowebmx.com\/nota\/wp-json\/wp\/v2\/media?parent=13433"}],"wp:term":[{"taxonomy":"category","embeddable":true,"href":"https:\/\/radiowebmx.com\/nota\/wp-json\/wp\/v2\/categories?post=13433"},{"taxonomy":"post_tag","embeddable":true,"href":"https:\/\/radiowebmx.com\/nota\/wp-json\/wp\/v2\/tags?post=13433"}],"curies":[{"name":"wp","href":"https:\/\/api.w.org\/{rel}","templated":true}]}}