{"id":13417,"date":"2015-02-18T11:57:47","date_gmt":"2015-02-18T17:57:47","guid":{"rendered":"https:\/\/radiowebmx.com\/nota\/?p=13417"},"modified":"2015-03-04T17:02:30","modified_gmt":"2015-03-04T23:02:30","slug":"el-gobierno-del-presidente-municipal-wilfrido-lazaro-medina-cumple-compromisos-asumidos-de-inclusion-y-apoyo-a-menores-con-discapacidad-para-que-formen-parte-del-desarrollo-social-este-martes-el-alc","status":"publish","type":"post","link":"https:\/\/radiowebmx.com\/nota\/el-gobierno-del-presidente-municipal-wilfrido-lazaro-medina-cumple-compromisos-asumidos-de-inclusion-y-apoyo-a-menores-con-discapacidad-para-que-formen-parte-del-desarrollo-social-este-martes-el-alc\/","title":{"rendered":"Con muy buenos resultados, concluy\u00f3 la octava campa\u00f1a de acopio y reciclaje de \u00e1rboles naturales de navidad"},"content":{"rendered":"<p>Con muy buenos resultados, concluy\u00f3 la octava campa\u00f1a de acopio y reciclaje de \u00e1rboles naturales de navidad, ya que de \u00a0una meta de 5 mil pinos en este 2015, se logr\u00f3 el aprovechamiento de 9 mil 530, esto gracias a la decidida participaci\u00f3n de la ciudadan\u00eda, las empresas recolectoras de residuos, la Universidad Nacional Aut\u00f3noma de M\u00e9xico (UNAM) y el Ayuntamiento de la capital michoacana.<\/p>\n<p>&nbsp;<\/p>\n<p>En el af\u00e1n de consolidar el eje de gobierno \u201cMorelia Verde\u201d, as\u00ed como fomentar entre la poblaci\u00f3n pr\u00e1cticas de separaci\u00f3n de residuos y h\u00e1bitos amigables con el medio ambiente, la Secretar\u00eda de Servicios P\u00fablicos, a trav\u00e9s de la Direcci\u00f3n de Aseo, promovi\u00f3 del 16 de Enero al 16 de Febrero el proyecto que, adem\u00e1s, busc\u00f3 el tratamiento de los elementos naturales para su transformaci\u00f3n en composta.<\/p>\n<p>&nbsp;<\/p>\n<p>Durante la presente administraci\u00f3n municipal se han logrado avances importantes para adquirir una cultura ecol\u00f3gica y este a\u00f1o fue notable la Suma de Voluntades de los morelianos, quienes llevaron cerca de 2 mil \u00e1rboles a los cinco puntos de acopio dispuestos o los entregaron a los camiones recolectores del Ayuntamiento; mientras que el resto fueron reunidos por el servicio concesionado, demostrando la confianza que se ha depositado en ellos en los \u00faltimos tres a\u00f1os.<\/p>\n<p>&nbsp;<\/p>\n<p>La campa\u00f1a tuvo como finalidad evitar la quema de estas plantas en la v\u00eda p\u00fablica, favorecer el consumo responsable de los habitantes, promover la separaci\u00f3n de residuos en los hogares, reciclar los \u00e1rboles para su posterior utilizaci\u00f3n como abono en los invernaderos de la UNAM, Campus Morelia y, generar un registro de \u201cciudadanos responsables\u201d con el medio ambiente, con el fin de que se incorporen a las diversas acciones que implementa el Ayuntamiento en torno al tema.<\/p>\n<p>&nbsp;<\/p>\n<p>Para el acopio se dispusieron cinco puntos de entrega: oficinas de la Direcci\u00f3n de Aseo P\u00fablico, ubicadas en Zamora esquina con Ocampo, en Avenida Madero Poniente 2783-A y en Avenida Periodismo 1200; as\u00ed como en el Bosque L\u00e1zaro C\u00e1rdenas, en la Avenida Camelinas y en las instalaciones de la UNAM, en la\u00a0Antigua Carretera a P\u00e1tzcuaro.<\/p>\n<p>&nbsp;<\/p>\n<p>Es notorio que gradualmente se ha registrado un incremento en el acopio de \u00e1rboles navide\u00f1os, de acuerdo a las estad\u00edsticas de la Direcci\u00f3n de Aseo P\u00fablico en 2008 se recolectaron 400, en 2009 fueron mil 600, en 2010 se aprovecharon mil pinos, en 2011 y 2012 fueron mil 500, en 2013 se trat\u00f3 de 2 mil 500, en 2014 se super\u00f3 la cifra con 3 mil 500 y en este 2015 se logr\u00f3 un r\u00e9cord con 9 mil 530.<\/p>\n<p>&nbsp;<\/p>\n<p>Aproximadamente, por cada especie recibida se obtienen 1.5 kilogramos de humus o composta, adem\u00e1s del heno y musgo, a los que les lleva alrededor de seis meses descomponerse y transformarse en abono f\u00e9rtil.<\/p>\n<p>&nbsp;<\/p>\n<p>La campa\u00f1a implementada fue gratuita para la ciudadan\u00eda, por lo que a partir de este d\u00eda se manejar\u00e1 la entrega de los pinos mediante las cuotas voluntarias que normalmente se ofrecen por el servicio de recolecci\u00f3n de residuos en los domicilios.<\/p>\n","protected":false},"excerpt":{"rendered":"<p> Con muy buenos resultados, concluy\u00f3 la octava campa\u00f1a de acopio y reciclaje de \u00e1rboles naturales de navidad, ya que de  una meta de 5 mil pinos en este 2015, se logr\u00f3 el aprovechamiento de 9 mil 530, esto gracias a la decidida participaci\u00f3n de la ciudadan\u00eda,<\/p>\n","protected":false},"author":1,"featured_media":13418,"comment_status":"open","ping_status":"open","sticky":false,"template":"","format":"standard","meta":{"footnotes":""},"categories":[14,9],"tags":[],"class_list":["post-13417","post","type-post","status-publish","format-standard","has-post-thumbnail","hentry","category-destacadas","category-morelia"],"_links":{"self":[{"href":"https:\/\/radiowebmx.com\/nota\/wp-json\/wp\/v2\/posts\/13417","targetHints":{"allow":["GET"]}}],"collection":[{"href":"https:\/\/radiowebmx.com\/nota\/wp-json\/wp\/v2\/posts"}],"about":[{"href":"https:\/\/radiowebmx.com\/nota\/wp-json\/wp\/v2\/types\/post"}],"author":[{"embeddable":true,"href":"https:\/\/radiowebmx.com\/nota\/wp-json\/wp\/v2\/users\/1"}],"replies":[{"embeddable":true,"href":"https:\/\/radiowebmx.com\/nota\/wp-json\/wp\/v2\/comments?post=13417"}],"version-history":[{"count":4,"href":"https:\/\/radiowebmx.com\/nota\/wp-json\/wp\/v2\/posts\/13417\/revisions"}],"predecessor-version":[{"id":13711,"href":"https:\/\/radiowebmx.com\/nota\/wp-json\/wp\/v2\/posts\/13417\/revisions\/13711"}],"wp:featuredmedia":[{"embeddable":true,"href":"https:\/\/radiowebmx.com\/nota\/wp-json\/wp\/v2\/media\/13418"}],"wp:attachment":[{"href":"https:\/\/radiowebmx.com\/nota\/wp-json\/wp\/v2\/media?parent=13417"}],"wp:term":[{"taxonomy":"category","embeddable":true,"href":"https:\/\/radiowebmx.com\/nota\/wp-json\/wp\/v2\/categories?post=13417"},{"taxonomy":"post_tag","embeddable":true,"href":"https:\/\/radiowebmx.com\/nota\/wp-json\/wp\/v2\/tags?post=13417"}],"curies":[{"name":"wp","href":"https:\/\/api.w.org\/{rel}","templated":true}]}}