{"id":13414,"date":"2015-02-18T11:46:27","date_gmt":"2015-02-18T17:46:27","guid":{"rendered":"https:\/\/radiowebmx.com\/nota\/?p=13414"},"modified":"2015-02-18T11:46:27","modified_gmt":"2015-02-18T17:46:27","slug":"obsequian-becas-a-menores-deportistas-con-discapacidad","status":"publish","type":"post","link":"https:\/\/radiowebmx.com\/nota\/obsequian-becas-a-menores-deportistas-con-discapacidad\/","title":{"rendered":"OBSEQUIAN BECAS A MENORES DEPORTISTAS CON DISCAPACIDAD"},"content":{"rendered":"<p>El gobierno del presidente municipal, Wilfrido L\u00e1zaro Medina cumple compromisos asumidos de inclusi\u00f3n y apoyo a menores con discapacidad para que formen parte del desarrollo social. Este martes el alcalde y su esposa Margarita Oribio presidenta del Dif Municipal, signaron un convenio de colaboraci\u00f3n con el Instituto Municipal de cultura F\u00edsica y Deportes (IMDE).<\/p>\n<p>&nbsp;<\/p>\n<p>El acuerdo permitir\u00e1 otorgar becas de asistencia a clases de nataci\u00f3n a menores deportistas con discapacidad ya sea en la Unidad Deportiva Bicentenario como en la Alberca Ol\u00edmpica \u201cMedalleros Paral\u00edmpicos\u201d en la Unidad Deportiva Indeco Morelos.<\/p>\n<p>&nbsp;<\/p>\n<p>Los beneficiados no solo tendr\u00e1n acceso gratuito y directo a las clases de nataci\u00f3n, sino adem\u00e1s, el director del IMDE, Miguel \u00c1ngel Garc\u00eda Meza, ofreci\u00f3 dos entrenadores especializados en la atenci\u00f3n a personas con discapacidad.<\/p>\n<p>&nbsp;<\/p>\n<p>En su mensaje la presidenta del Dif Morelia, Margarita Oribio de L\u00e1zaro, festej\u00f3 este d\u00eda tan especial en donde los j\u00f3venes logran m\u00e1s espacios para alcanzar su desarrollo integral, no obstante sus condiciones f\u00edsicas, lo que compromete dijo al Ayuntamiento y en particular al DIF,\u00a0 a refrendar el compromiso de brindar las herramientas para el desarrollo motriz de los menores<\/p>\n<p>&nbsp;<\/p>\n<p>A este festej\u00f3 se sumaron la regidora Sara\u00ed Cortes y el director del Instituto Municipal de Cultura F\u00edsica y Deporte, Miguel \u00c1ngel Garc\u00eda Meza, donde este \u00faltimo hizo referencia a los \u00e9xitos y logros alcanzados en la presente administraci\u00f3n en la gesti\u00f3n de eventos nacionales e internacionales en competencias deportivas, as\u00ed como en los apoyos brindados a los deportistas morelianos.<\/p>\n<p>&nbsp;<\/p>\n<p>Para hacer oficial esta Suma de Voluntades, el alcalde de la comuna y su esposa Margarita Oribio de L\u00e1zaro entregaron las primeras becas a ni\u00f1os que asistieron con la esperanza de ingresar a las clases de nataci\u00f3n.<\/p>\n<p>&nbsp;<\/p>\n<p>Al evento protocolario asistieron adem\u00e1s, los regidores, Marbella Romero, Jorge Molina y Martha Patricia Medina, as\u00ed como funcionarios del Ayuntamiento de Morelia y padres de familia de los beneficiados.<\/p>\n","protected":false},"excerpt":{"rendered":"<p>El gobierno del presidente municipal, Wilfrido L\u00e1zaro Medina cumple compromisos asumidos de inclusi\u00f3n y apoyo a menores con discapacidad para que formen parte del desarrollo social. Este martes el alcalde y su esposa Margarita Oribio presidenta del Dif Municipal, <\/p>\n","protected":false},"author":1,"featured_media":13415,"comment_status":"open","ping_status":"open","sticky":false,"template":"","format":"standard","meta":{"footnotes":""},"categories":[14,9],"tags":[],"class_list":["post-13414","post","type-post","status-publish","format-standard","has-post-thumbnail","hentry","category-destacadas","category-morelia"],"_links":{"self":[{"href":"https:\/\/radiowebmx.com\/nota\/wp-json\/wp\/v2\/posts\/13414","targetHints":{"allow":["GET"]}}],"collection":[{"href":"https:\/\/radiowebmx.com\/nota\/wp-json\/wp\/v2\/posts"}],"about":[{"href":"https:\/\/radiowebmx.com\/nota\/wp-json\/wp\/v2\/types\/post"}],"author":[{"embeddable":true,"href":"https:\/\/radiowebmx.com\/nota\/wp-json\/wp\/v2\/users\/1"}],"replies":[{"embeddable":true,"href":"https:\/\/radiowebmx.com\/nota\/wp-json\/wp\/v2\/comments?post=13414"}],"version-history":[{"count":1,"href":"https:\/\/radiowebmx.com\/nota\/wp-json\/wp\/v2\/posts\/13414\/revisions"}],"predecessor-version":[{"id":13416,"href":"https:\/\/radiowebmx.com\/nota\/wp-json\/wp\/v2\/posts\/13414\/revisions\/13416"}],"wp:featuredmedia":[{"embeddable":true,"href":"https:\/\/radiowebmx.com\/nota\/wp-json\/wp\/v2\/media\/13415"}],"wp:attachment":[{"href":"https:\/\/radiowebmx.com\/nota\/wp-json\/wp\/v2\/media?parent=13414"}],"wp:term":[{"taxonomy":"category","embeddable":true,"href":"https:\/\/radiowebmx.com\/nota\/wp-json\/wp\/v2\/categories?post=13414"},{"taxonomy":"post_tag","embeddable":true,"href":"https:\/\/radiowebmx.com\/nota\/wp-json\/wp\/v2\/tags?post=13414"}],"curies":[{"name":"wp","href":"https:\/\/api.w.org\/{rel}","templated":true}]}}