{"id":13400,"date":"2015-02-17T12:42:47","date_gmt":"2015-02-17T18:42:47","guid":{"rendered":"https:\/\/radiowebmx.com\/nota\/?p=13400"},"modified":"2015-02-17T12:42:47","modified_gmt":"2015-02-17T18:42:47","slug":"ssm-celebra-el-dia-internacional-del-nino-con-cancer","status":"publish","type":"post","link":"https:\/\/radiowebmx.com\/nota\/ssm-celebra-el-dia-internacional-del-nino-con-cancer\/","title":{"rendered":"SSM CELEBRA EL D\u00cdA INTERNACIONAL DEL NI\u00d1O CON C\u00c1NCER"},"content":{"rendered":"<p>La Secretar\u00eda de Salud de Michoac\u00e1n (SSM) instituir\u00e1 septiembre, \u201cMes de la Conciencia Social contra el C\u00e1ncer Infantil\u201d y se adoptar\u00e1 el color oro para identificar ese d\u00eda, manifest\u00f3 el director del Hospital Infantil \u201cEva S\u00e1mano de L\u00f3pez Mateos\u201d, Sa\u00fal Castro Jaimes, durante la celebraci\u00f3n del \u201cD\u00eda Internacional del Ni\u00f1o con C\u00e1ncer\u201d.<\/p>\n<p>&nbsp;<\/p>\n<p>Ante la presencia de menores con c\u00e1ncer el titular del hospital se\u00f1al\u00f3, \u201cel oro es un metal precioso y valioso como son nuestros ni\u00f1os. Es un material que hay que someter a importantes pruebas de presi\u00f3n y los ni\u00f1os con c\u00e1ncer, soportan tratamientos incre\u00edblemente complicados y agresivos, por eso los admiramos y por eso se escogi\u00f3 ese color\u201d.<\/p>\n<p>&nbsp;<\/p>\n<p>Destac\u00f3 que ning\u00fan ni\u00f1o o ni\u00f1a deber\u00e1 recorrer solo el viaje del c\u00e1ncer, viaje doloroso que necesita mucho apoyo y atenci\u00f3n, donde la sociedad se deber\u00e1 comprometer a apoyar la causa.<\/p>\n<p>&nbsp;<\/p>\n<p>Precis\u00f3 que gracias a las gestiones realizadas por el secretario de Salud en Michoac\u00e1n, Carlos Aranza Doniz con la empresa Lamport, ha mejorado en mucho el abasto de mezclas oncol\u00f3gicas, as\u00ed como su calidad y el tiempo de entrega de las mismas en el Hospital Infantil, lo que ha permitido brindar mejor atenci\u00f3n a las ni\u00f1os y ni\u00f1as que as\u00ed lo requieren.<\/p>\n<p>&nbsp;<\/p>\n<p>De acuerdo con el subdirector de los Servicios de Salud de la SSM, Lidio \u00c1ngel Guzm\u00e1n Reyes, el c\u00e1ncer infantil ocupa la tercera causa de muerte en Michoac\u00e1n en ni\u00f1os menores de 18 a\u00f1os de edad, mientras que a nivel nacional es la segunda causa de mortandad en menores de 5 a 14 a\u00f1os.<\/p>\n<p>&nbsp;<\/p>\n<p>Por ello, desde el 2002 se instituy\u00f3 el \u201cD\u00eda Internacional del C\u00e1ncer Infantil\u201d, promovido por la Confederaci\u00f3n Internacional de Organizaciones de Padres de Ni\u00f1os con C\u00e1ncer, se inici\u00f3 en todo el mundo una campa\u00f1a de concientizaci\u00f3n p\u00fablica sobre este padecimiento, a efecto de que la sociedad sepa que es curable si se detecta a tiempo.<\/p>\n<p>&nbsp;<\/p>\n<p>As\u00ed, Alondra V\u00e1zquez Gonz\u00e1lez, paciente sobreviviente de c\u00e1ncer agradeci\u00f3 a todos los doctores, enfermeras y gente del \u00e1rea de oncolog\u00eda del Hospital Infantil, por el apoyo que se le dio; dijo, \u201cencontr\u00e9 unos \u00e1ngeles aqu\u00ed, no s\u00f3lo me curaron sino me acompa\u00f1aron a lo largo de mi enfermedad y me prestaron su hombro para llorar, por eso, agradezco a Dios que me haya enviado esta enfermedad, ya que gracias a eso ahora valoro y disfruto m\u00e1s la vida y veo todo de diferente manera\u201d.<\/p>\n<p>&nbsp;<\/p>\n<p>Por su parte, Silvia Ch\u00e1vez Gallegos, representante del jefe de la unidad de oncolog\u00eda pedi\u00e1trica del Hospital Infantil \u201cEva S\u00e1mano de L\u00f3pez Mateos\u201d, manifest\u00f3 que en el Infantil se cuenta con una unidad m\u00e9dica acreditada para el manejo integral del ni\u00f1o con c\u00e1ncer, donde actualmente se atienden 487 menores con este padecimiento.<\/p>\n<p>&nbsp;<\/p>\n<p>Agreg\u00f3 que del total de pacientes atendidos en el \u00e1rea oncol\u00f3gica de ese nosocomio, 102 se encuentran curados, 179 en tratamiento y\u00a0 206 en vigilancia, es decir, libres de c\u00e1ncer.<\/p>\n<p>&nbsp;<\/p>\n<p>As\u00ed en 2014, se diagnosticaron 82 nuevos casos, con una tasa de incidencia de 5.1 casos por cada 100 mil, de los cuales 51 por ciento son leucemias, 14 por ciento linfomas, 9.7 por ciento tumores del sistema nervioso central, y el resto tumores diversos.<\/p>\n<p>&nbsp;<\/p>\n<p>Destac\u00f3 que el grupo de edad m\u00e1s vulnerable est\u00e1 comprendido entre 0 y 5 a\u00f1os de edad, con una prevalencia ligeramente mayor en el sexo masculino con un 64 por ciento y el 36 restante en el femenino.<\/p>\n<p>&nbsp;<\/p>\n<p>Finalmente dijo que es importante que los padres y madres de familia conozcan los signos de alarma del padecimiento:<\/p>\n<p>&nbsp;<\/p>\n<p>\u00fc\u00a0 Manchas blancas en la pupila, estrabismo, ceguera, ojos saltones<\/p>\n<p>\u00fc\u00a0 Tumoraciones en abdomen o pelvis, cabeza, cuello, extremidades, test\u00edculos y ganglios crecidos.<\/p>\n<p>\u00fc\u00a0 Fiebre injustificada durante m\u00e1s de dos semanas<\/p>\n<p>\u00fc\u00a0 P\u00e9rdida de peso, palidez, fatiga, hematomas, sangrados, dolor de huesos, articulaciones y facilidad para producirse fracturas<\/p>\n<p>\u00fc\u00a0 S\u00edntomas neurol\u00f3gicos, alteraciones o dificultades para caminar o mantener el equilibrio, as\u00ed como dolor de cabeza persistente por m\u00e1s de dos semanas con o sin v\u00f3mito, de presentaci\u00f3n matutina o que despierta a los ni\u00f1os durante el periodo de sue\u00f1o.<\/p>\n<p>&nbsp;<\/p>\n<p>En caso de presentar cualquiera de estos s\u00edntomas se recomienda acudir a la unidad de salud m\u00e1s cercana o directamente al \u00e1rea de oncolog\u00eda pedi\u00e1trica del Hospital Infantil.<\/p>\n","protected":false},"excerpt":{"rendered":"<p>La Secretar\u00eda de Salud de Michoac\u00e1n (SSM) instituir\u00e1 septiembre, \u201cMes de la Conciencia Social contra el C\u00e1ncer Infantil\u201d y se adoptar\u00e1 el color oro para identificar ese d\u00eda, manifest\u00f3 el director del Hospital Infantil \u201cEva S\u00e1mano de L\u00f3pez Mateos\u201d, Sa\u00fal Castro Jaimes, durante la celebraci\u00f3n del \u201cD\u00eda Internacional del Ni\u00f1o con C\u00e1ncer\u201d.<\/p>\n","protected":false},"author":1,"featured_media":13401,"comment_status":"open","ping_status":"open","sticky":false,"template":"","format":"standard","meta":{"footnotes":""},"categories":[14,3],"tags":[],"class_list":["post-13400","post","type-post","status-publish","format-standard","has-post-thumbnail","hentry","category-destacadas","category-gobierno-del-estado-de-michoacan"],"_links":{"self":[{"href":"https:\/\/radiowebmx.com\/nota\/wp-json\/wp\/v2\/posts\/13400","targetHints":{"allow":["GET"]}}],"collection":[{"href":"https:\/\/radiowebmx.com\/nota\/wp-json\/wp\/v2\/posts"}],"about":[{"href":"https:\/\/radiowebmx.com\/nota\/wp-json\/wp\/v2\/types\/post"}],"author":[{"embeddable":true,"href":"https:\/\/radiowebmx.com\/nota\/wp-json\/wp\/v2\/users\/1"}],"replies":[{"embeddable":true,"href":"https:\/\/radiowebmx.com\/nota\/wp-json\/wp\/v2\/comments?post=13400"}],"version-history":[{"count":1,"href":"https:\/\/radiowebmx.com\/nota\/wp-json\/wp\/v2\/posts\/13400\/revisions"}],"predecessor-version":[{"id":13402,"href":"https:\/\/radiowebmx.com\/nota\/wp-json\/wp\/v2\/posts\/13400\/revisions\/13402"}],"wp:featuredmedia":[{"embeddable":true,"href":"https:\/\/radiowebmx.com\/nota\/wp-json\/wp\/v2\/media\/13401"}],"wp:attachment":[{"href":"https:\/\/radiowebmx.com\/nota\/wp-json\/wp\/v2\/media?parent=13400"}],"wp:term":[{"taxonomy":"category","embeddable":true,"href":"https:\/\/radiowebmx.com\/nota\/wp-json\/wp\/v2\/categories?post=13400"},{"taxonomy":"post_tag","embeddable":true,"href":"https:\/\/radiowebmx.com\/nota\/wp-json\/wp\/v2\/tags?post=13400"}],"curies":[{"name":"wp","href":"https:\/\/api.w.org\/{rel}","templated":true}]}}