{"id":13396,"date":"2015-02-17T12:40:36","date_gmt":"2015-02-17T18:40:36","guid":{"rendered":"https:\/\/radiowebmx.com\/nota\/?p=13396"},"modified":"2015-02-17T12:40:36","modified_gmt":"2015-02-17T18:40:36","slug":"anuncian-feria-de-la-palabra-para-preservar-y-rescatar-la-lengua-purhepecha","status":"publish","type":"post","link":"https:\/\/radiowebmx.com\/nota\/anuncian-feria-de-la-palabra-para-preservar-y-rescatar-la-lengua-purhepecha\/","title":{"rendered":"ANUNCIAN FERIA DE LA PALABRA PARA PRESERVAR Y RESCATAR LA LENGUA P\u2019URHEPECHA"},"content":{"rendered":"<p>Con el respaldo de la Secretar\u00eda de Pueblos Ind\u00edgenas, este 21 de febrero, de las 08:00 a las 21:00 horas, se realizar\u00e1 la\u00a0 Uantakueri K\u2019uinchekua (Feria de la Palabra), en la comunidad de Santa Fe de la Laguna. Dicho evento es organizado por autoridades comunales de la localidad y el Seminario de Cultura P\u2019urhepecha, en el marco del D\u00eda Internacional de la Lengua Materna.<\/p>\n<p>&nbsp;<\/p>\n<p>Este Uantakueri K\u2019uinchekua es resultado del esfuerzo que han hecho las instituciones del Colegio de Michoac\u00e1n; el Instituto Tecnol\u00f3gico Superior P\u2019urhepecha; la Universidad Michoacana de San Nicol\u00e1s de Hidalgo; la Sociedad B\u00edblica de M\u00e9xico; la Universidad Pedag\u00f3gica Nacional, Unidad Morelia; la Universidad Intercultural Ind\u00edgena de Michoac\u00e1n y la Normal Ind\u00edgena de Michoac\u00e1n. Todo ello con el apoyo de la Secretar\u00eda de Pueblos Ind\u00edgenas (SPI) de Michoac\u00e1n.<\/p>\n<p>&nbsp;<\/p>\n<p>El objetivo de la Feria de la Palabra consiste en que todos los que se congreguen en la comunidad emblem\u00e1tica de Santa Fe hablen el idioma p\u2019urhepecha. La inquietud de organizar y realizar Uantakueri k\u2019uinchekua se deriva de la situaci\u00f3n por la que atraviesan las comunidades ind\u00edgenas respecto al habla p\u2019urhepecha como medio de comunicaci\u00f3n cotidiana.<\/p>\n<p>&nbsp;<\/p>\n<p>Tristemente los pueblos y las comunidades, en lo general, experimentan un proceso en el que ciertos padres de familia ya no ense\u00f1an la lengua p\u2019urhe a sus hijos. Ello responde a diversos factores, uno de ellos fue resultado de la pol\u00edtica indigenista que incidi\u00f3 en la desvalorizaci\u00f3n de la lengua local promovi\u00e9ndose la castellanizaci\u00f3n. Y esto, sobre todo, afect\u00f3 sobremanera a los actores ind\u00edgenas que se formaron como profesores de educaci\u00f3n b\u00e1sica, quienes desalentaron la lengua materna y promovieron el idioma espa\u00f1ol. Al grado de considerar que hablar la lengua p\u2019urhe era signo de pobreza y atraso.<\/p>\n<p>&nbsp;<\/p>\n<p>Ante ello, y para revertirlo y generar un ambiente de respeto que conduzca a la fortaleza de la lengua y de la cultura p\u2019urhepecha, el Seminario de Cultura P\u2019urhepecha y las autoridades comunales de Santa Fe de la Laguna, promueven e invitan al Uantakueri K\u2019uinchekua, la Feria de la Palabra, para el 21 de febrero de 2015, en el propio pueblo de Santa Fe.<\/p>\n<p>&nbsp;<\/p>\n<p>Como parte del programa, se presentar\u00e1 una conferencia de apertura de actividades acerca del uso de la lengua p\u2019urhepecha hoy d\u00eda. Enseguida habr\u00e1 mesas de intercambios y discusi\u00f3n acerca de la ense\u00f1anza de la lengua p\u2019urhe, el arte de la traducci\u00f3n, los materiales para el proceso de ense\u00f1anza-aprendizaje, los medios de comunicaci\u00f3n y el uso del idioma p\u2019urhepecha, los uantaris y m\u00e9dicos tradicionales, y la percepci\u00f3n de \u00e9stos acerca de las contrariedades y las fortalezas del habla p\u2019urh\u00e9.<\/p>\n<p>&nbsp;<\/p>\n<p>Las conclusiones a las que arriben estas mesas tem\u00e1ticas, se expondr\u00e1n en el Foro de expresi\u00f3n, ese mismo d\u00eda por la tarde. Adem\u00e1s, habr\u00e1 exposiciones de c\u00f3dices y de materiales bibliogr\u00e1ficos sobre la lengua y cultura p\u2019urhepecha, presentaci\u00f3n de publicaciones, un homenaje y, para finalizar, la participaci\u00f3n de pireris y orquestas que interpretar\u00e1n sones y abaje\u00f1os.<\/p>\n","protected":false},"excerpt":{"rendered":"<p>Con el respaldo de la Secretar\u00eda de Pueblos Ind\u00edgenas, este 21 de febrero, de las 08:00 a las 21:00 horas, se realizar\u00e1 la  Uantakueri K\u2019uinchekua (Feria de la Palabra), en la comunidad de Santa Fe de la Laguna. Dicho evento es organizado por autoridades comunales de la localidad y el Seminario de Cultura P\u2019urhepecha, <\/p>\n","protected":false},"author":1,"featured_media":13397,"comment_status":"open","ping_status":"open","sticky":false,"template":"","format":"standard","meta":{"footnotes":""},"categories":[14,3],"tags":[],"class_list":["post-13396","post","type-post","status-publish","format-standard","has-post-thumbnail","hentry","category-destacadas","category-gobierno-del-estado-de-michoacan"],"_links":{"self":[{"href":"https:\/\/radiowebmx.com\/nota\/wp-json\/wp\/v2\/posts\/13396","targetHints":{"allow":["GET"]}}],"collection":[{"href":"https:\/\/radiowebmx.com\/nota\/wp-json\/wp\/v2\/posts"}],"about":[{"href":"https:\/\/radiowebmx.com\/nota\/wp-json\/wp\/v2\/types\/post"}],"author":[{"embeddable":true,"href":"https:\/\/radiowebmx.com\/nota\/wp-json\/wp\/v2\/users\/1"}],"replies":[{"embeddable":true,"href":"https:\/\/radiowebmx.com\/nota\/wp-json\/wp\/v2\/comments?post=13396"}],"version-history":[{"count":2,"href":"https:\/\/radiowebmx.com\/nota\/wp-json\/wp\/v2\/posts\/13396\/revisions"}],"predecessor-version":[{"id":13399,"href":"https:\/\/radiowebmx.com\/nota\/wp-json\/wp\/v2\/posts\/13396\/revisions\/13399"}],"wp:featuredmedia":[{"embeddable":true,"href":"https:\/\/radiowebmx.com\/nota\/wp-json\/wp\/v2\/media\/13397"}],"wp:attachment":[{"href":"https:\/\/radiowebmx.com\/nota\/wp-json\/wp\/v2\/media?parent=13396"}],"wp:term":[{"taxonomy":"category","embeddable":true,"href":"https:\/\/radiowebmx.com\/nota\/wp-json\/wp\/v2\/categories?post=13396"},{"taxonomy":"post_tag","embeddable":true,"href":"https:\/\/radiowebmx.com\/nota\/wp-json\/wp\/v2\/tags?post=13396"}],"curies":[{"name":"wp","href":"https:\/\/api.w.org\/{rel}","templated":true}]}}