{"id":13315,"date":"2015-02-12T12:20:36","date_gmt":"2015-02-12T18:20:36","guid":{"rendered":"https:\/\/radiowebmx.com\/nota\/?p=13315"},"modified":"2015-02-12T12:20:36","modified_gmt":"2015-02-12T18:20:36","slug":"imde-promueve-carrera-atletica-corre-con-alma-a-beneficio-de-casa-amanc","status":"publish","type":"post","link":"https:\/\/radiowebmx.com\/nota\/imde-promueve-carrera-atletica-corre-con-alma-a-beneficio-de-casa-amanc\/","title":{"rendered":"IMDE PROMUEVE CARRERA ATL\u00c9TICA \u201cCORRE CON ALMA\u201d A BENEFICIO DE CASA AMANC"},"content":{"rendered":"<p>El Instituto Municipal de Cultura F\u00edsica y Deporte (IMDE) en coordinaci\u00f3n con el Centro de la Asociaci\u00f3n Mexicana de Ayuda a Ni\u00f1os con C\u00e1ncer (AMANC) en Michoac\u00e1n, realizar\u00e1n la V edici\u00f3n de la Carrera Atl\u00e9tica \u201cCorre con Alma\u201d, en beneficio de los 182\u00a0\u00a0ni\u00f1os que ah\u00ed son atendidos.<\/p>\n<p>&nbsp;<\/p>\n<p>El Ayuntamiento de Morelia, a trav\u00e9s del IMDE, apoyar\u00e1 esta causa con el prop\u00f3sito de reunir la cantidad de recursos suficientes para un mes de manutenci\u00f3n del centro, que equivale a 120 mil pesos, de acuerdo con lo se\u00f1alado por los directivos del AMANC Michoac\u00e1n.<\/p>\n<p>&nbsp;<\/p>\n<p>\u201cLa intenci\u00f3n es poder invitar a la comunidad en general a esta quinta edici\u00f3n de la carrera para recaudar fondos y ayudar a estos ni\u00f1os, a que mejoren su calidad de vida y darle alegr\u00eda a sus familias. Queremos agradecer el apoyo tanto de la CECUFID como de las autoridades del IMDE por apoyarnos en esta carrera\u201d, se\u00f1al\u00f3 la principal organizadora, Mar\u00eda de los \u00c1ngeles Molina.<\/p>\n<p>&nbsp;<\/p>\n<p>La justa atl\u00e9tica que llega este a\u00f1o a su quinta edici\u00f3n surgi\u00f3 en apoyo a la exatleta Alma Molina, quien a causa del c\u00e1ncer perdi\u00f3 la vida en el 2010 y desde entonces la familia Molina Villalobos tuvo la iniciativa de organizar esta carrera y colaborar con la Casa AMANC.<\/p>\n<p>&nbsp;<\/p>\n<p>La subdirectora operativa del IMDE,<b>\u00a0<\/b>Paulina Flores, extern\u00f3 la disposici\u00f3n de la dependencia municipal para \u201cparticipar y colaborar con esta noble causa. Esperemos que todos se integren para poder ayudar a esta labor altruista de Casa AMANC\u201d.<\/p>\n<p>&nbsp;<\/p>\n<p>El costo del donativo, es decir el pago de inscripci\u00f3n, ser\u00e1 de 250 pesos en los adultos y de 80 pesos para los ni\u00f1os. La cuota de donaci\u00f3n la podr\u00e1n entregar en la sede de la AMANC Michoac\u00e1n, ubicada en la calle Sor Juana In\u00e9s de la Cruz #130, en la colonia Centro, o bien, en los establecimientos de Sport Palace y Runners Morelia.<\/p>\n<p>&nbsp;<\/p>\n<p>Los organizadores del evento informaron que el monto recaudado por conceptos de inscripciones ser\u00e1 \u00edntegramente donado en beneficio de los infantes de la casa AMANC, el cual opera como un centro de ayuda humanitaria, espec\u00edficamente en ni\u00f1os con c\u00e1ncer y les brinda alojamiento de corta estancia, alimentaci\u00f3n, apoyos en su tratamiento, estudios m\u00e9dicos as\u00ed como actividades did\u00e1cticas y herramientas para vencer a la temible enfermedad.<\/p>\n<p>&nbsp;<\/p>\n<p>La justa atl\u00e9tica tendr\u00e1 lugar el pr\u00f3ximo domingo 22 de febrero, en punto de las 08:00 horas; adem\u00e1s, se llevar\u00e1n a cabo pruebas para los ni\u00f1os que van desde los 50 hasta los 600 metros, en esta prueba podr\u00e1n participar ni\u00f1os de 5 hasta los 14 a\u00f1os de edad.<\/p>\n<p>&nbsp;<\/p>\n<p>Se esperan 850 participantes que podr\u00e1n competir por el primer lugar al realizar en el menor tiempo un recorrido de 5 y 10 kil\u00f3metros.<\/p>\n<p>&nbsp;<\/p>\n<p>&nbsp;<\/p>\n<p>El punto de reuni\u00f3n de los corredores ser\u00e1 la pista de atletismo ubicada en el Estadio Venustiano Carranza, donde ser\u00e1 ubicado el lugar de arranque y la meta final de los competidores que deber\u00e1n dirigir su traves\u00eda atl\u00e9tica por la avenida Acueducto.<\/p>\n<p>&nbsp;<\/p>\n<p>La ruta de los competidores seguir\u00e1 por la avenida Madero hasta llegar a las proximidades del Templo de \u201cLa Merced\u201d, punto desde el cual retornar\u00e1n por el mismo trayecto y continuar\u00e1n a la avenida Enrique Ram\u00edrez para finalmente dirigirse de nueva cuenta al punto de partida.<\/p>\n<p>&nbsp;<\/p>\n<p>La carrera con distancia de 5 kil\u00f3metros tendr\u00e1 su punto de retorno en la fuente de las Tarascas donde se encaminar\u00e1n a la l\u00ednea de meta. Mientras que para la prueba de 10 kil\u00f3metros, podr\u00e1n participar las siguientes categor\u00edas: Juvenil (13-18) a\u00f1os, Libre (19-29 a\u00f1os), Subm\u00e1ster (30-39), M\u00e1ster (40-50) y Veteranos (51 a\u00f1os en adelante), en las ramas varonil y femenil; mientras que en los 5 kil\u00f3metros, s\u00f3lo se contar\u00e1 con categor\u00eda Libre y \u00fanica.<\/p>\n<p>&nbsp;<\/p>\n<p>La premiaci\u00f3n constar\u00e1 de una bolsa en efectivo de 18 mil pesos, repartidos entre los tres primeros lugares absolutos de las distancias de 5 y 10 kil\u00f3metros, en ambas ramas; adem\u00e1s, los tres primeros de cada categor\u00eda recibir\u00e1n premios por parte de los diversos patrocinadores y todos los participantes recibir\u00e1n una medalla conmemorativa.<\/p>\n","protected":false},"excerpt":{"rendered":"<p>El Instituto Municipal de Cultura F\u00edsica y Deporte (IMDE) en coordinaci\u00f3n con el Centro de la Asociaci\u00f3n Mexicana de Ayuda a Ni\u00f1os con C\u00e1ncer (AMANC) en Michoac\u00e1n, realizar\u00e1n la V edici\u00f3n de la Carrera Atl\u00e9tica \u201cCorre con Alma\u201d, en beneficio de los 182  ni\u00f1os que ah\u00ed son atendidos.<\/p>\n","protected":false},"author":1,"featured_media":13316,"comment_status":"open","ping_status":"open","sticky":false,"template":"","format":"standard","meta":{"footnotes":""},"categories":[14,3,9],"tags":[],"class_list":["post-13315","post","type-post","status-publish","format-standard","has-post-thumbnail","hentry","category-destacadas","category-gobierno-del-estado-de-michoacan","category-morelia"],"_links":{"self":[{"href":"https:\/\/radiowebmx.com\/nota\/wp-json\/wp\/v2\/posts\/13315","targetHints":{"allow":["GET"]}}],"collection":[{"href":"https:\/\/radiowebmx.com\/nota\/wp-json\/wp\/v2\/posts"}],"about":[{"href":"https:\/\/radiowebmx.com\/nota\/wp-json\/wp\/v2\/types\/post"}],"author":[{"embeddable":true,"href":"https:\/\/radiowebmx.com\/nota\/wp-json\/wp\/v2\/users\/1"}],"replies":[{"embeddable":true,"href":"https:\/\/radiowebmx.com\/nota\/wp-json\/wp\/v2\/comments?post=13315"}],"version-history":[{"count":1,"href":"https:\/\/radiowebmx.com\/nota\/wp-json\/wp\/v2\/posts\/13315\/revisions"}],"predecessor-version":[{"id":13317,"href":"https:\/\/radiowebmx.com\/nota\/wp-json\/wp\/v2\/posts\/13315\/revisions\/13317"}],"wp:featuredmedia":[{"embeddable":true,"href":"https:\/\/radiowebmx.com\/nota\/wp-json\/wp\/v2\/media\/13316"}],"wp:attachment":[{"href":"https:\/\/radiowebmx.com\/nota\/wp-json\/wp\/v2\/media?parent=13315"}],"wp:term":[{"taxonomy":"category","embeddable":true,"href":"https:\/\/radiowebmx.com\/nota\/wp-json\/wp\/v2\/categories?post=13315"},{"taxonomy":"post_tag","embeddable":true,"href":"https:\/\/radiowebmx.com\/nota\/wp-json\/wp\/v2\/tags?post=13315"}],"curies":[{"name":"wp","href":"https:\/\/api.w.org\/{rel}","templated":true}]}}