{"id":13311,"date":"2015-02-12T12:02:48","date_gmt":"2015-02-12T18:02:48","guid":{"rendered":"https:\/\/radiowebmx.com\/nota\/?p=13311"},"modified":"2015-02-12T12:02:48","modified_gmt":"2015-02-12T18:02:48","slug":"ultimos-dias-de-la-campana-de-reciclaje-de-arboles-de-navidad-naturales","status":"publish","type":"post","link":"https:\/\/radiowebmx.com\/nota\/ultimos-dias-de-la-campana-de-reciclaje-de-arboles-de-navidad-naturales\/","title":{"rendered":"\u00daLTIMOS D\u00cdAS DE LA CAMPA\u00d1A DE RECICLAJE DE \u00c1RBOLES DE NAVIDAD NATURALES"},"content":{"rendered":"<p>La Direcci\u00f3n de Aseo P\u00fablico Municipal record\u00f3 a la ciudadan\u00eda que s\u00f3lo resta la presente semana para participar en la octava Campa\u00f1a de Reciclaje de \u00c1rboles de Navidad Naturales 2015, programada para culminar el pr\u00f3ximo 16 de febrero.<\/p>\n<p>&nbsp;<\/p>\n<p>Desde el pasado 16 de enero, la dependencia municipal en suma de voluntades con la Universidad Aut\u00f3noma de M\u00e9xico, campus Morelia, y las empresas recolectoras de desechos se coordinaron una vez m\u00e1s para recibir de la poblaci\u00f3n las plantas que adornaron sus hogares con motivo de las fiestas de navidad y fin de a\u00f1o, con la intenci\u00f3n de reciclarlas y producir composta.<\/p>\n<p>&nbsp;<\/p>\n<p>La meta este a\u00f1o es reunir alrededor de 5 mil \u00e1rboles y desde su inicio los camiones recolectores de basura han recibido sin costo a la poblaci\u00f3n los pinos traslad\u00e1ndolos al centro de acopio en las instalaciones de la UNAM Morelia, donde son procesados y la composta es usada en los viveros del propio plantel.<\/p>\n<p>&nbsp;<\/p>\n<p>Con ello se cumple un compromiso m\u00e1s del gobierno del presidente municipal, Wilfrido L\u00e1zaro Medina, para alcanzar un \u201cMorelia Verde\u201d donde se apliquen acciones que cuiden el medio ambiente y se reduzcan los contaminantes.<\/p>\n<p>&nbsp;<\/p>\n<p>La Direcci\u00f3n de Aseo P\u00fablico inform\u00f3 que a\u00fan se encuentran abiertos los cinco puntos de acopio\u00a0para entregar los arboles sin ning\u00fan costo: oficinas de la Direcci\u00f3n de Aseo P\u00fablico, ubicadas en Zamora esquina con Ocampo, colonia Ju\u00e1rez; en Avenida Madero Poniente 2783-A, colonia Los Ejidos y en Avenida Periodismo 1200, colonia Agust\u00edn Arriaga Rivera.<\/p>\n<p>&nbsp;<\/p>\n<p>Adem\u00e1s de la recepci\u00f3n en el Bosque L\u00e1zaro C\u00e1rdenas, en la Avenida Camelinas y en las instalaciones de la UNAM, Campus Morelia, ubicadas en la\u00a0Antigua Carretera a P\u00e1tzcuaro 8701, colonia Ex-Hacienda de San Jos\u00e9 de la Huerta.<\/p>\n<p>&nbsp;<\/p>\n<p>El cierre de la campa\u00f1a se program\u00f3 para el pr\u00f3ximo 16 de febrero, por lo que la ciudadan\u00eda a\u00fan cuenta con tiempo suficiente para entregar sus arbolitos y con ello hacerse part\u00edcipe en las acciones en pro de la ecolog\u00eda y medio ambiente.<\/p>\n","protected":false},"excerpt":{"rendered":"<p> La Direcci\u00f3n de Aseo P\u00fablico Municipal record\u00f3 a la ciudadan\u00eda que s\u00f3lo resta la presente semana para participar en la octava Campa\u00f1a de Reciclaje de \u00c1rboles de Navidad Naturales 2015, programada para culminar el pr\u00f3ximo 16 de febrero.<\/p>\n","protected":false},"author":1,"featured_media":13312,"comment_status":"open","ping_status":"open","sticky":false,"template":"","format":"standard","meta":{"footnotes":""},"categories":[14,9],"tags":[],"class_list":["post-13311","post","type-post","status-publish","format-standard","has-post-thumbnail","hentry","category-destacadas","category-morelia"],"_links":{"self":[{"href":"https:\/\/radiowebmx.com\/nota\/wp-json\/wp\/v2\/posts\/13311","targetHints":{"allow":["GET"]}}],"collection":[{"href":"https:\/\/radiowebmx.com\/nota\/wp-json\/wp\/v2\/posts"}],"about":[{"href":"https:\/\/radiowebmx.com\/nota\/wp-json\/wp\/v2\/types\/post"}],"author":[{"embeddable":true,"href":"https:\/\/radiowebmx.com\/nota\/wp-json\/wp\/v2\/users\/1"}],"replies":[{"embeddable":true,"href":"https:\/\/radiowebmx.com\/nota\/wp-json\/wp\/v2\/comments?post=13311"}],"version-history":[{"count":2,"href":"https:\/\/radiowebmx.com\/nota\/wp-json\/wp\/v2\/posts\/13311\/revisions"}],"predecessor-version":[{"id":13314,"href":"https:\/\/radiowebmx.com\/nota\/wp-json\/wp\/v2\/posts\/13311\/revisions\/13314"}],"wp:featuredmedia":[{"embeddable":true,"href":"https:\/\/radiowebmx.com\/nota\/wp-json\/wp\/v2\/media\/13312"}],"wp:attachment":[{"href":"https:\/\/radiowebmx.com\/nota\/wp-json\/wp\/v2\/media?parent=13311"}],"wp:term":[{"taxonomy":"category","embeddable":true,"href":"https:\/\/radiowebmx.com\/nota\/wp-json\/wp\/v2\/categories?post=13311"},{"taxonomy":"post_tag","embeddable":true,"href":"https:\/\/radiowebmx.com\/nota\/wp-json\/wp\/v2\/tags?post=13311"}],"curies":[{"name":"wp","href":"https:\/\/api.w.org\/{rel}","templated":true}]}}