{"id":13308,"date":"2015-02-12T12:00:42","date_gmt":"2015-02-12T18:00:42","guid":{"rendered":"https:\/\/radiowebmx.com\/nota\/?p=13308"},"modified":"2015-02-12T12:00:42","modified_gmt":"2015-02-12T18:00:42","slug":"refrenda-wlm-su-apoyo-a-la-industria-de-la-transformacion","status":"publish","type":"post","link":"https:\/\/radiowebmx.com\/nota\/refrenda-wlm-su-apoyo-a-la-industria-de-la-transformacion\/","title":{"rendered":"REFRENDA WLM SU APOYO A LA INDUSTRIA DE LA TRANSFORMACI\u00d3N"},"content":{"rendered":"<p>El presidente municipal de Morelia, Wilfrido L\u00e1zaro Medina, asisti\u00f3 a la toma de protesta de la Mesa Directiva de la C\u00e1mara Nacional de la Industria de la Transformaci\u00f3n (Canacintra) Michoac\u00e1n, en donde Clovis Eugenio Remusat fue reelecto para continuar con esta responsabilidad en el periodo 2015-2016.<\/p>\n<p>&nbsp;<\/p>\n<p>En la ceremonia de toma de protesta y aniversario 73 de la conformaci\u00f3n de esta c\u00e1mara empresarial, misma que estuvo presidida por el gobernador del estado, Salvador Jara Guerrero, el alcalde de la comuna extendi\u00f3 una felicitaci\u00f3n a los m\u00e1s de 4 mil socios que la conforman y se refiri\u00f3 al trabajo en equipo y la Suma de Voluntades que, desde el inicio del actual administraci\u00f3n en el Ayuntamiento, se ha alcanzado para aterrizar pol\u00edticas p\u00fablicas que han favorecido al sector empresarial en la capital Michoac\u00e1n.<\/p>\n<p>&nbsp;<\/p>\n<p>Gracias a este esfuerzo, puntualiz\u00f3, se logr\u00f3 a marca colectiva del Ate Moreliano, desarrollar cursos y talleres para que el sector empresarial alcance la competitividad y otros proyectos que ahora son un \u00e9xito.<\/p>\n<p>&nbsp;<\/p>\n<p>En su participaci\u00f3n, el presidente de Canacintra refrend\u00f3 el compromiso de trabajar en una suma de voluntades con las autoridades federales, estatales y del Ayuntamiento para seguir proponiendo proyectos de \u00e9xito que no s\u00f3lo favorezcan a la iniciativa privada, sino que la sociedad vea resultados como son la generaci\u00f3n y permanencia de empleos.<\/p>\n<p>&nbsp;<\/p>\n<p>Propuso ante los asistentes, que la Canacintra y el sector empresarial de Michoac\u00e1n en general tenga un representante en la pr\u00f3xima legislatura local, a fin de proponer leyes y gestionar apoyos que permitan elevar la competitivad y \u00e9xito de este rubro.<\/p>\n<p>&nbsp;<\/p>\n<p>La Canacintra Michoac\u00e1n genera m\u00e1s de 130 mil empleos coloc\u00e1ndose como la cuarta generadora de espacios laborales en la entidad, adem\u00e1s de invertir un capital superior a los 650 millones de pesos en infraestructura productiva.<\/p>\n","protected":false},"excerpt":{"rendered":"<p>El presidente municipal de Morelia, Wilfrido L\u00e1zaro Medina, asisti\u00f3 a la toma de protesta de la Mesa Directiva de la C\u00e1mara Nacional de la Industria de la Transformaci\u00f3n (Canacintra) Michoac\u00e1n, en donde Clovis Eugenio Remusat fue reelecto para continuar con esta responsabilidad en el periodo 2015-2016.<\/p>\n","protected":false},"author":1,"featured_media":13309,"comment_status":"open","ping_status":"open","sticky":false,"template":"","format":"standard","meta":{"footnotes":""},"categories":[14,9],"tags":[],"class_list":["post-13308","post","type-post","status-publish","format-standard","has-post-thumbnail","hentry","category-destacadas","category-morelia"],"_links":{"self":[{"href":"https:\/\/radiowebmx.com\/nota\/wp-json\/wp\/v2\/posts\/13308","targetHints":{"allow":["GET"]}}],"collection":[{"href":"https:\/\/radiowebmx.com\/nota\/wp-json\/wp\/v2\/posts"}],"about":[{"href":"https:\/\/radiowebmx.com\/nota\/wp-json\/wp\/v2\/types\/post"}],"author":[{"embeddable":true,"href":"https:\/\/radiowebmx.com\/nota\/wp-json\/wp\/v2\/users\/1"}],"replies":[{"embeddable":true,"href":"https:\/\/radiowebmx.com\/nota\/wp-json\/wp\/v2\/comments?post=13308"}],"version-history":[{"count":1,"href":"https:\/\/radiowebmx.com\/nota\/wp-json\/wp\/v2\/posts\/13308\/revisions"}],"predecessor-version":[{"id":13310,"href":"https:\/\/radiowebmx.com\/nota\/wp-json\/wp\/v2\/posts\/13308\/revisions\/13310"}],"wp:featuredmedia":[{"embeddable":true,"href":"https:\/\/radiowebmx.com\/nota\/wp-json\/wp\/v2\/media\/13309"}],"wp:attachment":[{"href":"https:\/\/radiowebmx.com\/nota\/wp-json\/wp\/v2\/media?parent=13308"}],"wp:term":[{"taxonomy":"category","embeddable":true,"href":"https:\/\/radiowebmx.com\/nota\/wp-json\/wp\/v2\/categories?post=13308"},{"taxonomy":"post_tag","embeddable":true,"href":"https:\/\/radiowebmx.com\/nota\/wp-json\/wp\/v2\/tags?post=13308"}],"curies":[{"name":"wp","href":"https:\/\/api.w.org\/{rel}","templated":true}]}}