{"id":13305,"date":"2015-02-12T10:45:08","date_gmt":"2015-02-12T16:45:08","guid":{"rendered":"https:\/\/radiowebmx.com\/nota\/?p=13305"},"modified":"2015-02-12T10:45:08","modified_gmt":"2015-02-12T16:45:08","slug":"temas-de-cafe-257","status":"publish","type":"post","link":"https:\/\/radiowebmx.com\/nota\/temas-de-cafe-257\/","title":{"rendered":"TEMAS DE CAF\u00c9"},"content":{"rendered":"<ul>\n<li>PE\u00d1A NIETO, \u00bfEL 24 Y 7 DE MARZO?<\/li>\n<li>TORRES MANZO-AUSENCIO CHAVEZ<\/li>\n<li>PLURIS PRI: LOCALES Y FEDERAES<\/li>\n<li>ANAYA EL COORDINADOR DE CHON<\/li>\n<\/ul>\n<p>Silvano Aureoles cada d\u00eda capta m\u00e1s grupos a su favor, por ejemplo usted sabe que la Comisi\u00f3n Reguladora del Transporte hace\u00a0 unos d\u00edas, se uni\u00f3 al proyecto de Silvano, y se trabaja en una alianza con el Partido Alianza Nacional, con lo cual de lograrse sumar\u00eda en la entidad, a unos 40 mil afiliados, por ejemplo tambi\u00e9n ya tiene a la ATEM, a los agremiados del Cecytem y casi es una seguridad, el Frente Estatal\u00a0 de Sindicatos de Educaci\u00f3n Media y Superior, y ya les hemos comentado que en pol\u00edtica todo se puede hacer, por ejemplo no es il\u00edcito que el Panal vaya con el PRD, ya que en el DF van juntos en dos delegaciones y en\u00a0 once distritos, total que el proyecto de Silvano parece transita por ahora, en caballo de hacienda.<\/p>\n<p>EN POLITICA COMO EN EL GOLF QUIEN PEGA MENOS, GANA<\/p>\n<p>Ya les hemos comentado que en pol\u00edtica sobre todo, se requieren t\u00e9cnicos, no rudos esa \u00e9poca qued\u00f3 atr\u00e1s, la pol\u00edtica en M\u00e9xico cada\u00a0 vez requiere de personas\u00a0 con capacidad y sensibilidad, para alejarla de los campos de batalla,\u00a0 urgen m\u00e1s alianzas, acuerdos y pactos de caballeros, por eso es que \u00a0a nadie debe molestar, que gente como Fausto Vallejo se re\u00fana a tomar caf\u00e9 con Silvano, y que se re\u00fana con Alfonso Mart\u00ednez, hoy m\u00e1s que nunca la pol\u00edtica se hace en base a intereses, no de ideolog\u00edas, ni de partidos trasnochados, ahora la gente vota por personas y proyectos.<\/p>\n<p>LOS MICHOACANOS ESPERAN CAMPA\u00d1AS CIVILIZADAS<\/p>\n<p>Los michoacanos en general esperan, campas civilizadas con propuestas de altura, propositivas lejos de las acusaciones personales y ataques bajos, esperamos que el debate se mantenga \u00a0de altura, porque los michoacanos estamos cansados de actitudes violentas, debemos transitar hacia espacios cordiales de paz y\u00a0 tranquilidad, por eso agrad\u00f3 la declaraci\u00f3n de Luisa Mar\u00eda Calder\u00f3n, al ser ratificada como candidata del PAN, cuando le preguntaron sobre Silvano y Chon.<\/p>\n<p>QUIEN LOS DEBE JUZGAR ES EL PUEBLO<\/p>\n<p>Luisa Mar\u00eda se desmarc\u00f3 de ataques y agresiones, simplemente dijo que a ella no le correspond\u00eda juzgar a los candidatos, de los\u00a0 dem\u00e1s partidos esa acci\u00f3n le correspond\u00eda a los michoacanos en general, en cuanto a ella afirm\u00f3 que ser\u00eda muy respetuosa de ellos, la verdad sabias palabras, una actitud de una dama respetable,\u00a0 cuando ella no tiene ese perfil al contrario, siempre se manej\u00f3 en forma soberbia y \u00e1cida, en sus declaraciones, ahora se mostr\u00f3 respetuosa y reiteramos, esa es la actitud de queremos, en esta campa\u00f1a que se d\u00e9 respeto y con propuestas, que ayuden a sacar a Michoac\u00e1n de la situaci\u00f3n que vive.<\/p>\n<p>LASTIMA QUE LAS DENUNCIAS SE ARREGLEN CON DINERO<\/p>\n<p>Cuando un periodista hace una denuncia, cumpliendo con su funci\u00f3n social, se trate de demeritar\u00a0 argumentando que se hizo, porque no le dieron el dinero suficiente, tambi\u00e9n es denigrante que ciertos pol\u00edticos afirmen que a un periodista se le \u201carregla\u201d,\u00a0 con una comida o una botella, como es el caso que nos ocupa con Roc\u00edo de los Santos. Ni modo la lucha debe seguir.<\/p>\n<p>ROGELIO CABALLERO MERAZ, ES ATACADO<\/p>\n<p>Mientras estuvo Alfredo Castillo y sus muchachos en la entidad, el delegado de la Secretar\u00eda de Gobernaci\u00f3n, se mantuvo de bajo perfil, lejos de protagonismos porque adem\u00e1s Castillo Cervantes y su gente, siempre lo menospreciaron, por eso ahora que oficialmente la Comisi\u00f3n para la Seguridad y el Desarrollo Econ\u00f3mico ha desaparecido, Rogelio es el responsable de la Secretar\u00eda de Gobernaci\u00f3n,\u00a0 en darle seguimiento al Plan Michoac\u00e1n, que ya cuenta con 208 obras\u00a0 terminadas, faltando el resto algunas se concluir\u00e1n hasta\u00a0 el \u00faltimo a\u00f1o a del gobierno de Pe\u00f1a Nieto.<\/p>\n<p>Lo Grave de esto es que Castillo durante el tiempo, que estuvo mandando en la entidad,\u00a0 a trav\u00e9s de sus delegados hizo muchas acciones, que prevalecen por el momento y que significan intereses cuantiosos, como algunas obras en proceso y su actitud no ha sido la mejor, por ello Rogelio Caballero ha recomendado, que a la mayor brevedad posible, se michoacanice \u00a0tanto la administraci\u00f3n estatal como los delegados federales, para que haya mayor compromiso para concluir con \u00e9xito,\u00a0 el Plan Michoac\u00e1n. Esto le\u00a0 ha valido obviamente cr\u00edticas de la gente de Castillo Cervantes.<\/p>\n<p>TORRE MANZO Y AUSENCIO, VINIERON POR CAMACHO<\/p>\n<p>Personas cercanas a don Carlos Torres Manzo, y a Ausencio Ch\u00e1vez Hern\u00e1ndez nos comentaron, que efectivamente los dos ex gobernadores vinieron el domingo pasado, porque les dijeron que la invitaci\u00f3n era, de parte del dirigente nacional del PRI y que adem\u00e1s, C\u00e9sar Camacho estar\u00eda en la ciudad, despu\u00e9s la toma de protesta al candidato Chon Orihuela, fue irregular porque quien le deber\u00eda haber tomado la protesta, tendr\u00eda que\u00a0 haber sido alguien con representaci\u00f3n del CEN, en ese caso Fernando Moreno, \u00bfporqu\u00e9 don Carlos?. \u00bfRaro no?.<\/p>\n<p>PE\u00d1A NIETO VENDRIA EL 24 Y EL 7 DE MARZO<\/p>\n<p>Todo parece que el presidente de M\u00e9xico, como aqu\u00ed si le aplauden, estar\u00e1 en Coalcom\u00e1n el 24 de este mes, d\u00eda de la Bandera e inaugurar\u00e1 la base para el ej\u00e9rcito mexicano que se construy\u00f3, usted sabe que esta fecha es importante en el calendario c\u00edvico de M\u00e9xico, por otra parte el presidente podr\u00eda regresar a Michoac\u00e1n, el 7 de marzo porque se recordar\u00e1 el Bicentenario de la instalaci\u00f3n del Supremo Tribunal de Justicia, por don Jos\u00e9 Mar\u00eda Morelos quien meses antes hab\u00eda promulgado, la Constituci\u00f3n de Apatzing\u00e1n, lo de la inauguraci\u00f3n de las obras sobre el libramiento norte de Morelia, nos parece que a\u00fan falta mucho para terminarlas.<\/p>\n<p>LAS LISTA DE PLURIS LOCALES Y FEDERALES POSIBLES<\/p>\n<p>Primero les comentaremos la posible lista, de los candidatos a diputados plurinominales locales, en primer lugar ir\u00eda Mario Armando Mendoza, en segundo lugar Rossy de la Torre, en tercero Jes\u00fas Hern\u00e1ndez Pe\u00f1a, en cuarto Martha Patricia Garibay y\u00a0 en quinto lugar, Roberto Carlos L\u00f3pez dirigente estatal de la CNC, quien poco a poco fue bajando, aspiraba a una pluri federal no, a una federal de mayor\u00eda no, ahora va en una pluri pero sin muchas posibilidades, ya que se espera una votaci\u00f3n baj\u00edsima. Hasta podr\u00eda regresar a una regidur\u00eda.<\/p>\n<p>En cuanto a las posibles candidatos a las diputaciones pluris federales, tomando en cuenta que la quinta circunscripci\u00f3n, est\u00e1 integrado entre otros estados por el de M\u00e9xico e Hidalgo, que hoy se llevar\u00e1n la mayor\u00eda por lo que Michoac\u00e1n tiene segura una, que ser\u00e1 para Eduardo Orihuela quien es impulsado, por Emilio Gamboa Patr\u00f3n quien es cierto, estima mucho al joven diputado local, y la segunda posici\u00f3n que quedar\u00eda despu\u00e9s de los lugares doce o trece, ser\u00eda para Benjam\u00edn Grayeb\u00a0 quien como usted sabe, es el presidente del Consejo Nacional Agropecuario y es de Uruapan.<\/p>\n<p>ALFRESO ANAYA COORDINADOR IDEAL PARA CHON<\/p>\n<p>La verdad no sabemos por qu\u00e9 Chon Orihuela, candidato al gobierno de Michoac\u00e1n por el PRI, sufre para encontrar al coordinador de su campa\u00f1a, usted sabe que busca que V\u00edctor Silva Tejeda, o Wilfrido L\u00e1zaro Medina sean sus coordinadores, por lo menos trascendi\u00f3 que ayer estar\u00eda con C\u00e9sar Camacho, para ajustar la conformaci\u00f3n de su comit\u00e9 de campa\u00f1a, que tiene que ver desde el nuevo dirigente estatal del PRI, y su coordinador de campa\u00f1a, pero sabemos que Alfredo hizo un buen equipo con Chon Orihuela en los\u00a0 \u00faltimos d\u00edas, cuando se formaliz\u00f3 la precandidatura de Chon Orihuela.<\/p>\n<p>As\u00ed consideramos que ser\u00eda ideal que Alfredo, se responsabilizara de la campa\u00f1a porque como le comentamos ayer, Chon Orihuela quiere en su equipo de campa\u00f1a, a los que integraron los finalistas para la candidatura, al gobierno del estado que fueron usted lo recuerda bien, Chon Orihuela que finalmente gan\u00f3, V\u00edctor Silva Tejeda que se qued\u00f3 en la orilla, Wilfrido L\u00e1zaro Medina quien apret\u00f3 bastante en las \u00faltimas semanas, Adri\u00e1n Huerta Leal quien tambi\u00e9n se mantuvo, en los primeros planos por un buen tiempo, Alfredo Anaya\u00a0 que entr\u00f3 a la jugada para apoyar a Chon.<\/p>\n<p>Jaime Dar\u00edo quien tambi\u00e9n entr\u00f3 parta respaldar a Chon, finalmente Jaime Dar\u00edo ma\u00f1ana viernes, ser\u00e1 ungido oficialmente como candidato a la presidencia municipal de Morelia, finalmente parece que de los cinco finalistas, tres estaban con Chon en forma clara, Jaime Dar\u00edo, Alfredo Anaya y Wilfrido L\u00e1zaro, Adri\u00e1n Huerta iba solo , bueno con el apoyo de Castillo, as\u00ed como V\u00edctor Silva Tejeda, por eso nos parece l\u00f3gico que los tres aliados de Chon formen equipo, y trabajen por su proyecto que los puede llevar directo, al Gobierno de Michoac\u00e1n por los pr\u00f3ximos seis a\u00f1os.<\/p>\n<p>&nbsp;<\/p>\n<p>&nbsp;<\/p>\n<p>&nbsp;<\/p>\n<p>&nbsp;<\/p>\n<p>&nbsp;<\/p>\n","protected":false},"excerpt":{"rendered":"<p>\u2022\tPE\u00d1A NIETO, \u00bfEL 24 Y 7 DE MARZO?<br \/>\n\u2022\tTORRES MANZO-AUSENCIO CHAVEZ<br \/>\n\u2022\tPLURIS PRI: LOCALES Y FEDERAES<br \/>\n\u2022\tANAYA EL COORDINADOR DE CHON<\/p>\n","protected":false},"author":1,"featured_media":0,"comment_status":"open","ping_status":"open","sticky":false,"template":"","format":"standard","meta":{"footnotes":""},"categories":[4,14,10],"tags":[],"class_list":["post-13305","post","type-post","status-publish","format-standard","hentry","category-columnistas","category-destacadas","category-juan-manuel-belmonte"],"_links":{"self":[{"href":"https:\/\/radiowebmx.com\/nota\/wp-json\/wp\/v2\/posts\/13305","targetHints":{"allow":["GET"]}}],"collection":[{"href":"https:\/\/radiowebmx.com\/nota\/wp-json\/wp\/v2\/posts"}],"about":[{"href":"https:\/\/radiowebmx.com\/nota\/wp-json\/wp\/v2\/types\/post"}],"author":[{"embeddable":true,"href":"https:\/\/radiowebmx.com\/nota\/wp-json\/wp\/v2\/users\/1"}],"replies":[{"embeddable":true,"href":"https:\/\/radiowebmx.com\/nota\/wp-json\/wp\/v2\/comments?post=13305"}],"version-history":[{"count":2,"href":"https:\/\/radiowebmx.com\/nota\/wp-json\/wp\/v2\/posts\/13305\/revisions"}],"predecessor-version":[{"id":13307,"href":"https:\/\/radiowebmx.com\/nota\/wp-json\/wp\/v2\/posts\/13305\/revisions\/13307"}],"wp:attachment":[{"href":"https:\/\/radiowebmx.com\/nota\/wp-json\/wp\/v2\/media?parent=13305"}],"wp:term":[{"taxonomy":"category","embeddable":true,"href":"https:\/\/radiowebmx.com\/nota\/wp-json\/wp\/v2\/categories?post=13305"},{"taxonomy":"post_tag","embeddable":true,"href":"https:\/\/radiowebmx.com\/nota\/wp-json\/wp\/v2\/tags?post=13305"}],"curies":[{"name":"wp","href":"https:\/\/api.w.org\/{rel}","templated":true}]}}