{"id":13302,"date":"2015-02-12T10:35:18","date_gmt":"2015-02-12T16:35:18","guid":{"rendered":"https:\/\/radiowebmx.com\/nota\/?p=13302"},"modified":"2015-02-12T10:35:18","modified_gmt":"2015-02-12T16:35:18","slug":"sejoven-presente-en-el-arranque-de-credito-joven%e2%80%8f","status":"publish","type":"post","link":"https:\/\/radiowebmx.com\/nota\/sejoven-presente-en-el-arranque-de-credito-joven%e2%80%8f\/","title":{"rendered":"Sejoven, presente en el arranque de \u201cCr\u00e9dito Joven\u201d\u200f"},"content":{"rendered":"<p>El secretario de los J\u00f3venes de Michoac\u00e1n, Rodrigo Maldonado L\u00f3pez, asisti\u00f3 al evento de arranque del programa \u201cCr\u00e9dito Joven\u201d, que encabez\u00f3 el presidente de la Rep\u00fablica, Enrique Pe\u00f1a Nieto en la Residencia Oficial de Los Pinos. Al respecto, el funcionario estatal opin\u00f3 que esta es una gran oportunidad para que los emprendedores de la entidad inicien o hagan crecer sus empresas y que la Sejoven promover\u00e1 al interior del estado estos cr\u00e9ditos en coordinaci\u00f3n con la delegaci\u00f3n estatal de la Secretar\u00eda de Econom\u00eda.<\/p>\n<p>&nbsp;<\/p>\n","protected":false},"excerpt":{"rendered":"<p>El secretario de los J\u00f3venes de Michoac\u00e1n, Rodrigo Maldonado L\u00f3pez, asisti\u00f3 al evento de arranque del programa \u201cCr\u00e9dito Joven\u201d, que encabez\u00f3 el presidente de la Rep\u00fablica, Enrique Pe\u00f1a Nieto en la Residencia Oficial de Los Pinos.<\/p>\n","protected":false},"author":1,"featured_media":13303,"comment_status":"open","ping_status":"open","sticky":false,"template":"","format":"standard","meta":{"footnotes":""},"categories":[14,3],"tags":[],"class_list":["post-13302","post","type-post","status-publish","format-standard","has-post-thumbnail","hentry","category-destacadas","category-gobierno-del-estado-de-michoacan"],"_links":{"self":[{"href":"https:\/\/radiowebmx.com\/nota\/wp-json\/wp\/v2\/posts\/13302","targetHints":{"allow":["GET"]}}],"collection":[{"href":"https:\/\/radiowebmx.com\/nota\/wp-json\/wp\/v2\/posts"}],"about":[{"href":"https:\/\/radiowebmx.com\/nota\/wp-json\/wp\/v2\/types\/post"}],"author":[{"embeddable":true,"href":"https:\/\/radiowebmx.com\/nota\/wp-json\/wp\/v2\/users\/1"}],"replies":[{"embeddable":true,"href":"https:\/\/radiowebmx.com\/nota\/wp-json\/wp\/v2\/comments?post=13302"}],"version-history":[{"count":1,"href":"https:\/\/radiowebmx.com\/nota\/wp-json\/wp\/v2\/posts\/13302\/revisions"}],"predecessor-version":[{"id":13304,"href":"https:\/\/radiowebmx.com\/nota\/wp-json\/wp\/v2\/posts\/13302\/revisions\/13304"}],"wp:featuredmedia":[{"embeddable":true,"href":"https:\/\/radiowebmx.com\/nota\/wp-json\/wp\/v2\/media\/13303"}],"wp:attachment":[{"href":"https:\/\/radiowebmx.com\/nota\/wp-json\/wp\/v2\/media?parent=13302"}],"wp:term":[{"taxonomy":"category","embeddable":true,"href":"https:\/\/radiowebmx.com\/nota\/wp-json\/wp\/v2\/categories?post=13302"},{"taxonomy":"post_tag","embeddable":true,"href":"https:\/\/radiowebmx.com\/nota\/wp-json\/wp\/v2\/tags?post=13302"}],"curies":[{"name":"wp","href":"https:\/\/api.w.org\/{rel}","templated":true}]}}